{"id":177363,"date":"2016-05-02T14:21:25","date_gmt":"2016-05-02T12:21:25","guid":{"rendered":"http:\/\/www.radioluna.it\/news\/?p=177363"},"modified":"2016-05-02T14:21:25","modified_gmt":"2016-05-02T12:21:25","slug":"pontina-a-70-allora-interrogazione-di-simeone-fi-a-zingaretti","status":"publish","type":"post","link":"https:\/\/www.radioluna.it\/news\/2016\/05\/pontina-a-70-allora-interrogazione-di-simeone-fi-a-zingaretti\/","title":{"rendered":"&#8220;Pontina a 70 all&#8217;ora?&#8221; Interrogazione di Simeone (FI) a Zingaretti"},"content":{"rendered":"<div id=\"fb-root\"><\/div>\n<div id=\"attachment_129215\" style=\"width: 290px\" class=\"wp-caption alignleft\"><a href=\"http:\/\/www.radioluna.it\/news\/wp-content\/uploads\/2012\/12\/buche_strade.jpg\"><img loading=\"lazy\" decoding=\"async\" aria-describedby=\"caption-attachment-129215\" class=\"wp-image-129215 size-full\" src=\"http:\/\/www.radioluna.it\/news\/wp-content\/uploads\/2012\/12\/buche_strade.jpg\" alt=\"L'asfalto sulla Pontina\" width=\"280\" height=\"300\" \/><\/a><p id=\"caption-attachment-129215\" class=\"wp-caption-text\">L&#8217;asfalto sulla Pontina<\/p><\/div>\n<p style=\"text-align: justify;\"><strong>LATINA<\/strong> &#8211;\u00a0\u201cPer colmare il vuoto lasciato dall&#8217; assenza di manutenzione sulla 148 Pontina l\u2019Astral avrebbe ipotizzato di ridurre il limite di velocit\u00e0 portandolo a 70 km\/h nel tratto che va da Latina a Pomezia e a 50 km\/h fino a Roma. Una decisione che renderebbe questa strada, l\u2019unica che collega la provincia di Latina alla Capitale, praticamente inutilizzabile&#8221;. \u00a0Lo dice il consigliere regionale di Forza Italia, Giueppe Simeone che chiede in un&#8217;interrogazione \u00a0urgente chiede lumi al presidente della Regione Lazio, Nicola Zingaretti e all\u2019assessore alle infrastrutture, Fabio Refrigeri.<\/p>\n<p style=\"text-align: justify;\">Se fosse vero &#8211; dice in sostanza Simeone \u00a0&#8211; &#8220;sarebbe opportuno chiudere al transito la SR 148 Pontinia dal momento che la riduzione del limite di velocit\u00e0 renderebbe tale strada oltremodo pericolosa nonch\u00e9 inutile dal momento che si dilaterebbero ulteriormente i gi\u00e0 intollerabili tempi di percorrenza. La Pontina \u00e8 considerata la strada pi\u00f9 pericolosa del Lazio e la seconda in Europa per numero di incidenti mortali con una media di 2,57 incidenti per chilometro che sono conseguenza anche dello stato di degrado, della totale assenza di illuminazione, della mancanza di adeguata segnaletica, in cui questa strada versa ormai da decenni&#8221;.<\/p>\n<p style=\"text-align: justify;\">La situazione \u00e8 anche peggiorata da quando (a partire dal primo gennaio 2016) la Regione ha avocato a s\u00e9 la competenza sulla manutenzione ordinaria e straordinaria della rete viaria regionale, senza poi occuparsene realmente \u00a0tanto che sono &#8220;le Province, con risorse proprie, a far fronte per spirito di responsabilit\u00e0 a piccoli interventi di manutenzione in somma urgenza. Lavori che comunque non risolvono la gravissima emergenza, soprattutto sul piano della sicurezza&#8221;.<\/p>\n","protected":false},"excerpt":{"rendered":"<p>LATINA &#8211;\u00a0\u201cPer colmare il vuoto lasciato dall&#8217; assenza di manutenzione sulla 148 Pontina l\u2019Astral avrebbe ipotizzato di ridurre il limite di velocit\u00e0 portandolo a 70 km\/h nel tratto che va da Latina a Pomezia e a 50 km\/h fino a Roma. Una decisione che renderebbe questa strada, l\u2019unica che collega la provincia di Latina alla [&hellip;]<\/p>\n","protected":false},"author":62,"featured_media":129215,"comment_status":"open","ping_status":"closed","sticky":false,"template":"","format":"standard","meta":{"footnotes":""},"categories":[8],"tags":[],"class_list":["post-177363","post","type-post","status-publish","format-standard","has-post-thumbnail","hentry","category-politica"],"_links":{"self":[{"href":"https:\/\/www.radioluna.it\/news\/wp-json\/wp\/v2\/posts\/177363","targetHints":{"allow":["GET"]}}],"collection":[{"href":"https:\/\/www.radioluna.it\/news\/wp-json\/wp\/v2\/posts"}],"about":[{"href":"https:\/\/www.radioluna.it\/news\/wp-json\/wp\/v2\/types\/post"}],"author":[{"embeddable":true,"href":"https:\/\/www.radioluna.it\/news\/wp-json\/wp\/v2\/users\/62"}],"replies":[{"embeddable":true,"href":"https:\/\/www.radioluna.it\/news\/wp-json\/wp\/v2\/comments?post=177363"}],"version-history":[{"count":0,"href":"https:\/\/www.radioluna.it\/news\/wp-json\/wp\/v2\/posts\/177363\/revisions"}],"wp:featuredmedia":[{"embeddable":true,"href":"https:\/\/www.radioluna.it\/news\/wp-json\/wp\/v2\/media\/129215"}],"wp:attachment":[{"href":"https:\/\/www.radioluna.it\/news\/wp-json\/wp\/v2\/media?parent=177363"}],"wp:term":[{"taxonomy":"category","embeddable":true,"href":"https:\/\/www.radioluna.it\/news\/wp-json\/wp\/v2\/categories?post=177363"},{"taxonomy":"post_tag","embeddable":true,"href":"https:\/\/www.radioluna.it\/news\/wp-json\/wp\/v2\/tags?post=177363"}],"curies":[{"name":"wp","href":"https:\/\/api.w.org\/{rel}","templated":true}]}}