{"id":177390,"date":"2016-05-03T11:14:34","date_gmt":"2016-05-03T09:14:34","guid":{"rendered":"http:\/\/www.radioluna.it\/news\/?p=177390"},"modified":"2016-05-06T11:32:16","modified_gmt":"2016-05-06T09:32:16","slug":"daniele-nardi-e-lincidente-sul-nanga-parbat-ecco-come-andata","status":"publish","type":"post","link":"https:\/\/www.radioluna.it\/news\/2016\/05\/daniele-nardi-e-lincidente-sul-nanga-parbat-ecco-come-andata\/","title":{"rendered":"Daniele Nardi e l&#8217;incidente sul Nanga Parbat: &#8220;Ecco com&#8217;\u00e8 andata&#8221;"},"content":{"rendered":"<div id=\"fb-root\"><\/div>\n<p><iframe loading=\"lazy\" style=\"border: none; overflow: hidden;\" src=\"https:\/\/www.facebook.com\/plugins\/post.php?href=https%3A%2F%2Fwww.facebook.com%2Fpermalink.php%3Fstory_fbid%3D1018695294859117%26id%3D162702457125076&amp;width=500\" width=\"500\" height=\"589\" frameborder=\"0\" scrolling=\"no\"><\/iframe><\/p>\n<p style=\"text-align: justify;\"><strong>LATINA<\/strong> &#8211; Alcuni mesi di silenzio dopo l&#8217;incidente sul Nanga Parbat, ora una lunga video intervista (pubblicata su you doc) per raccontare che cosa \u00e8 accaduto sull&#8217;ottomila pakistano e il perch\u00e9 della decisione di abbandonare la spedizione dopo quattro anni di impegno e dedizione assoluti, iniziati sfidando lo Sperone Mummery, una via mai aperta per raggiungere una delle vette pi\u00f9 alte del mondo.<\/p>\n<p style=\"text-align: justify;\">Il racconto \u00e8 quello dell&#8217;alpinista di Sezze, Daniele Nardi, una testimonianza in parte anche in presa diretta, con immagini drammatiche (alcune sono rimaste riservate) che non hanno bisogno di commenti. Un racconto \u00a0che in questi giorni sta animando il dibattito nel mondo degli scalatori e non solo e che ha aperto una riflessione sull&#8217;etica nello sport e sul confine tra impresa sportiva, rispetto delle regole e valore della vita. \u00a0Ne parlano i siti specializzati e le persone comuni, quelle che di Daniele Nardi hanno seguito sempre la carriera e le imprese sportive da quando si allenava sulle falesie dei Lepini. &#8220;E&#8217; stato duro ripercorrere quei momenti della mia vita, ma sto ricevendo attestati di stima da molti colleghi non solo in Italia, che mi forniscono conferme fondamentali sulle mie scelte&#8221;, spiega in una chiacchierata a Radio Luna in cui racconta anche i progetti di oggi (ma non dell&#8217;imminente matrimonio).<\/p>\n<p style=\"text-align: justify;\">&#8220;E&#8217; una storia che colpisce il cuore e la passione di chi fa alpinismo, ma anche di tutte le persone che credono nei valori dello sport. Tanti amici e fan che mi hanno sempre seguito erano delusi, volevano sapere che cosa era successo per capire. Lo racconto oggi senza intenzione di fare polemica, ma solo per restituire la verit\u00e0 dei fatti&#8221;.<\/p>\n<p style=\"text-align: justify;\">Intanto\u00a0Nardi, che \u00e8 considerato uno degli alpinisti italiani pi\u00f9 preparati al mondo ed \u00e8 ambasciatore dei diritti umani, si dedicher\u00e0 ad un progetto \u00a0per le scuole in cui la montagna diventa metafora di vita. Ce lo racconta qui, \u00a0in compagnia di Maria Elena Martini, con cui ha ideato il percorso di formazione.<\/p>\n<audio class=\"wp-audio-shortcode\" id=\"audio-177390-1\" preload=\"none\" style=\"width: 100%;\" controls=\"controls\"><source type=\"audio\/mpeg\" src=\"http:\/\/www.radioluna.it\/news\/wp-content\/uploads\/2016\/05\/nardi-martini-per-sito.mp3?_=1\" \/><a href=\"http:\/\/www.radioluna.it\/news\/wp-content\/uploads\/2016\/05\/nardi-martini-per-sito.mp3\">http:\/\/www.radioluna.it\/news\/wp-content\/uploads\/2016\/05\/nardi-martini-per-sito.mp3<\/a><\/audio>\n<p style=\"text-align: justify;\">\n","protected":false},"excerpt":{"rendered":"<p>LATINA &#8211; Alcuni mesi di silenzio dopo l&#8217;incidente sul Nanga Parbat, ora una lunga video intervista (pubblicata su you doc) per raccontare che cosa \u00e8 accaduto sull&#8217;ottomila pakistano e il perch\u00e9 della decisione di abbandonare la spedizione dopo quattro anni di impegno e dedizione assoluti, iniziati sfidando lo Sperone Mummery, una via mai aperta per [&hellip;]<\/p>\n","protected":false},"author":62,"featured_media":172802,"comment_status":"open","ping_status":"closed","sticky":false,"template":"","format":"standard","meta":{"footnotes":""},"categories":[2310,17,2312],"tags":[],"class_list":["post-177390","post","type-post","status-publish","format-standard","has-post-thumbnail","hentry","category-audio","category-sport","category-video"],"_links":{"self":[{"href":"https:\/\/www.radioluna.it\/news\/wp-json\/wp\/v2\/posts\/177390","targetHints":{"allow":["GET"]}}],"collection":[{"href":"https:\/\/www.radioluna.it\/news\/wp-json\/wp\/v2\/posts"}],"about":[{"href":"https:\/\/www.radioluna.it\/news\/wp-json\/wp\/v2\/types\/post"}],"author":[{"embeddable":true,"href":"https:\/\/www.radioluna.it\/news\/wp-json\/wp\/v2\/users\/62"}],"replies":[{"embeddable":true,"href":"https:\/\/www.radioluna.it\/news\/wp-json\/wp\/v2\/comments?post=177390"}],"version-history":[{"count":0,"href":"https:\/\/www.radioluna.it\/news\/wp-json\/wp\/v2\/posts\/177390\/revisions"}],"wp:featuredmedia":[{"embeddable":true,"href":"https:\/\/www.radioluna.it\/news\/wp-json\/wp\/v2\/media\/172802"}],"wp:attachment":[{"href":"https:\/\/www.radioluna.it\/news\/wp-json\/wp\/v2\/media?parent=177390"}],"wp:term":[{"taxonomy":"category","embeddable":true,"href":"https:\/\/www.radioluna.it\/news\/wp-json\/wp\/v2\/categories?post=177390"},{"taxonomy":"post_tag","embeddable":true,"href":"https:\/\/www.radioluna.it\/news\/wp-json\/wp\/v2\/tags?post=177390"}],"curies":[{"name":"wp","href":"https:\/\/api.w.org\/{rel}","templated":true}]}}