{"id":177395,"date":"2016-05-03T13:15:03","date_gmt":"2016-05-03T11:15:03","guid":{"rendered":"http:\/\/www.radioluna.it\/news\/?p=177395"},"modified":"2016-05-03T13:15:03","modified_gmt":"2016-05-03T11:15:03","slug":"matutateatro-a-new-york-cominciata-lavventura","status":"publish","type":"post","link":"https:\/\/www.radioluna.it\/news\/2016\/05\/matutateatro-a-new-york-cominciata-lavventura\/","title":{"rendered":"Matutateatro a New York, cominciata l&#8217;avventura"},"content":{"rendered":"<div id=\"fb-root\"><\/div>\n<p style=\"text-align: justify;\"><strong><a href=\"http:\/\/www.radioluna.it\/news\/wp-content\/uploads\/2016\/05\/ph-Jo-Fenz-Pinocchio_Fellini1.jpg\"><img loading=\"lazy\" decoding=\"async\" class=\"aligncenter size-thumbnail wp-image-177396\" src=\"http:\/\/www.radioluna.it\/news\/wp-content\/uploads\/2016\/05\/ph-Jo-Fenz-Pinocchio_Fellini1-689x459.jpg\" alt=\"ph Jo Fenz Pinocchio_Fellini1\" width=\"689\" height=\"459\" srcset=\"https:\/\/www.radioluna.it\/news\/wp-content\/uploads\/2016\/05\/ph-Jo-Fenz-Pinocchio_Fellini1-689x459.jpg 689w, https:\/\/www.radioluna.it\/news\/wp-content\/uploads\/2016\/05\/ph-Jo-Fenz-Pinocchio_Fellini1-300x200.jpg 300w, https:\/\/www.radioluna.it\/news\/wp-content\/uploads\/2016\/05\/ph-Jo-Fenz-Pinocchio_Fellini1-1024x682.jpg 1024w, https:\/\/www.radioluna.it\/news\/wp-content\/uploads\/2016\/05\/ph-Jo-Fenz-Pinocchio_Fellini1-800x533.jpg 800w, https:\/\/www.radioluna.it\/news\/wp-content\/uploads\/2016\/05\/ph-Jo-Fenz-Pinocchio_Fellini1.jpg 1600w\" sizes=\"auto, (max-width: 689px) 100vw, 689px\" \/><\/a>SEZZE<\/strong> &#8211;\u00a0\u00c9 cominciata ieri l&#8217;avventura di Matutateatro a New York. La compagnia diretta da Titta Ceccano e Julia Borretti partecipa in questi giorni all&#8217;edizione 2016 di \u201cIn Scena! Italian Theater Festival NY\u201d (2-16 maggio), il festival dedicato al teatro italiano che si tiene ogni anno a New York, organizzato da Kairos Italy Theater e KIT Italia.<br \/>\nIeri sera, presso il Cherry Lane Theatre, si \u00e8 tenuta l&#8217;Opening Night del Festival, una serata dedicata a Luigi Pirandello, alla quale Matutateatro ha partecipato interpretando \u201cLa favola del figlio cambiato\u201d: &#8220;Un piccolo contributo che si \u00e8 unito a quello di diversi artisti internazionali che, in occasione dell&#8217;apertura del festival, hanno voluto rendere omaggio al Premio Nobel italiano, a 80 anni dalla sua scomparsa&#8221;, spiegano dalla Compagnia.<br \/>\nDa oggi si comincia invece con il Festival vero e proprio: &#8220;In tutto, nei quindici giorni di \u201cIn Scena!\u201d saranno presentati cinque spettacoli (in italiano con sopratitoli o in versione blingue) di altrettante compagnie provenienti da tutta Italia, selezionati fra un centinaio di proposte, per offrire diversi esempi della creativit\u00e0 che contraddistingue l\u2019intero territorio. Matutateatro \u00e8 stata scelta per portare in scena, all&#8217;interno della nuova sezione di teatro ragazzi del festival, lo spettacolo \u201cPinocchio_Fellini\u201d, una produzione nata lo scorso anno in collaborazione con il Teatro della Caduta di Torino, tratta dal Pinocchio di Collodi, interpretata da Elena Alfonsi, Alessandro Balestrieri, Julia Borretti, Danilo Sarego, Andrea Zaccheo. Scenografie di Jessica Fabrizi. Drammaturgia e regia di Titta Ceccano&#8221;.<br \/>\nLo spettacolo, che trasporta la storia del burattino pi\u00f9 famoso del mondo dentro un immaginario felliniano, andr\u00e0 in scena domani mercoled\u00ec 4 maggio, alle ore 20, presso il Center of the Arts at College of Staten Island e sabato 7 maggio, alle ore 15, presso il Bernie Wohl Center at Goddard Riverside di Manhattan.<br \/>\n\u00abPer noi si tratta di una grande opportunit\u00e0 professionale e di una bellissima avventura. Siamo entusiasti ed emozionati di essere qui e partecipare a In Scena! NY\u00bb raccontano da New York i direttori artistici di Matutateatro.<\/p>\n","protected":false},"excerpt":{"rendered":"<p>SEZZE &#8211;\u00a0\u00c9 cominciata ieri l&#8217;avventura di Matutateatro a New York. La compagnia diretta da Titta Ceccano e Julia Borretti partecipa in questi giorni all&#8217;edizione 2016 di \u201cIn Scena! Italian Theater Festival NY\u201d (2-16 maggio), il festival dedicato al teatro italiano che si tiene ogni anno a New York, organizzato da Kairos Italy Theater e KIT [&hellip;]<\/p>\n","protected":false},"author":62,"featured_media":177396,"comment_status":"open","ping_status":"closed","sticky":false,"template":"","format":"standard","meta":{"footnotes":""},"categories":[15],"tags":[],"class_list":["post-177395","post","type-post","status-publish","format-standard","has-post-thumbnail","hentry","category-cultura"],"_links":{"self":[{"href":"https:\/\/www.radioluna.it\/news\/wp-json\/wp\/v2\/posts\/177395","targetHints":{"allow":["GET"]}}],"collection":[{"href":"https:\/\/www.radioluna.it\/news\/wp-json\/wp\/v2\/posts"}],"about":[{"href":"https:\/\/www.radioluna.it\/news\/wp-json\/wp\/v2\/types\/post"}],"author":[{"embeddable":true,"href":"https:\/\/www.radioluna.it\/news\/wp-json\/wp\/v2\/users\/62"}],"replies":[{"embeddable":true,"href":"https:\/\/www.radioluna.it\/news\/wp-json\/wp\/v2\/comments?post=177395"}],"version-history":[{"count":0,"href":"https:\/\/www.radioluna.it\/news\/wp-json\/wp\/v2\/posts\/177395\/revisions"}],"wp:featuredmedia":[{"embeddable":true,"href":"https:\/\/www.radioluna.it\/news\/wp-json\/wp\/v2\/media\/177396"}],"wp:attachment":[{"href":"https:\/\/www.radioluna.it\/news\/wp-json\/wp\/v2\/media?parent=177395"}],"wp:term":[{"taxonomy":"category","embeddable":true,"href":"https:\/\/www.radioluna.it\/news\/wp-json\/wp\/v2\/categories?post=177395"},{"taxonomy":"post_tag","embeddable":true,"href":"https:\/\/www.radioluna.it\/news\/wp-json\/wp\/v2\/tags?post=177395"}],"curies":[{"name":"wp","href":"https:\/\/api.w.org\/{rel}","templated":true}]}}