{"id":177406,"date":"2016-05-03T16:16:33","date_gmt":"2016-05-03T14:16:33","guid":{"rendered":"http:\/\/www.radioluna.it\/news\/?p=177406"},"modified":"2016-05-03T16:16:33","modified_gmt":"2016-05-03T14:16:33","slug":"gianluca-trezza-si-candida-con-calandrini-sindaco","status":"publish","type":"post","link":"https:\/\/www.radioluna.it\/news\/2016\/05\/gianluca-trezza-si-candida-con-calandrini-sindaco\/","title":{"rendered":"Gianluca Trezza si candida con Calandrini Sindaco"},"content":{"rendered":"<div id=\"fb-root\"><\/div>\n<p style=\"text-align: justify;\"><strong><a href=\"http:\/\/www.radioluna.it\/news\/wp-content\/uploads\/2016\/05\/trezza.candidato.jpg\"><img loading=\"lazy\" decoding=\"async\" class=\"aligncenter size-full wp-image-177407\" src=\"http:\/\/www.radioluna.it\/news\/wp-content\/uploads\/2016\/05\/trezza.candidato.jpg\" alt=\"trezza.candidato\" width=\"480\" height=\"591\" \/><\/a>LATINA<\/strong> &#8211;\u00a0Gianluca Trezza, imprenditore di Latina, si candida al consiglio comunale con Calandrini sindaco, vi proponiamo la sua lettera indirizzata agli elettori<\/p>\n<p style=\"text-align: justify;\"><em>Cari concittadini, sono un giovane candidato nella lista civica CALANDRINI SINDACO che ha deciso di dedicare il suo tempo alla politica della citt\u00e0 per migliorare la vita quotidiana e poter dare un futuro migliore ai nostri figli. Non mi presenter\u00f2 con nessuno slogan ma una sola grande promessa che \u00e8 quella di impegnarmi duramente allo sviluppo di Latina curando gli interessi della comunit\u00e0 che andr\u00f2 a rappresentare.<\/em><br \/>\n<em>In passato ho avuto l\u2019onore di ricoprire il ruolo di consigliere circoscrizionale della terza circoscrizione Latina est dove ho avuto modo di imparare tutto il procedimento della macchina amministrativa e di come muovermi all\u2019interno di essa. Grazie a questo ruolo ho potuto dare delle risposte concrete al territorio che rappresentavo (manutenzione giochi scuola materna Via Ezio, arredo urbano e manutenzione straordinaria Via Don Luigi Sturzo, denuncia dello stato di abbandono del parco EVER GREEN di via Sezze che da pi\u00f9 di qualche anno \u00e8 tornato al suo splendore, progetto di riqualificazione del parco San Marco dove la circoscrizione \u00e8 stata impegnata nel dare delle linee guida all\u2019amministrazione e dove io personalmente mi sono fatto carico di recepire le esigenze dei cittadini e molti altri interventi di ordinaria manutenzione).<\/em><br \/>\n<em>Oggi la mia candidatura nasce dalla richiesta delle persone che mi hanno sempre sostenuto e che per me rappresentano la grande gratificazione dell\u2019impegno che ci metto e un ringraziamento particolare lo vorrei fare al Senatore Forte che ha sempre creduto in me. La mia battaglia sar\u00e0 rivolta anche contro chi questa citt\u00e0 la resa schiava di personaggi noti tipo Fazzone e tutti i suoi seguaci che sono ancora dentro Forza Italia, con loro \u00e8 impossibile governare questa citt\u00e0 e far\u00f2 di tutto affinch\u00e8 non ci sia nessun accordo con loro.<\/em><br \/>\n<em>LATINA oggi pi\u00f9 di ieri ha un grande bisogno dei giovani, bisogna iniziare da una programmazione degli interventi, evitare sprechi, sviluppare la citt\u00e0 valorizzando la marina, l\u2019agricoltura e la posizione strategica della citt\u00e0, un\u2019amministrazione in grado di avere un dialogo diretto con il cittadino e comprenderne le esigenze, tutto questo pu\u00f2 essere realizzato se gli attori che verranno eletti da voi cittadini avranno a cuore il destino della nostra citt\u00e0.<\/em><br \/>\n<em>Vi chiedo il vostro sostegno il 5 giugno, insieme possiamo davvero fare tanto per la nostra citt<\/em>\u00e0.<\/p>\n","protected":false},"excerpt":{"rendered":"<p>LATINA &#8211;\u00a0Gianluca Trezza, imprenditore di Latina, si candida al consiglio comunale con Calandrini sindaco, vi proponiamo la sua lettera indirizzata agli elettori Cari concittadini, sono un giovane candidato nella lista civica CALANDRINI SINDACO che ha deciso di dedicare il suo tempo alla politica della citt\u00e0 per migliorare la vita quotidiana e poter dare un futuro [&hellip;]<\/p>\n","protected":false},"author":60,"featured_media":0,"comment_status":"open","ping_status":"closed","sticky":false,"template":"","format":"standard","meta":{"footnotes":""},"categories":[8],"tags":[],"class_list":["post-177406","post","type-post","status-publish","format-standard","hentry","category-politica"],"_links":{"self":[{"href":"https:\/\/www.radioluna.it\/news\/wp-json\/wp\/v2\/posts\/177406","targetHints":{"allow":["GET"]}}],"collection":[{"href":"https:\/\/www.radioluna.it\/news\/wp-json\/wp\/v2\/posts"}],"about":[{"href":"https:\/\/www.radioluna.it\/news\/wp-json\/wp\/v2\/types\/post"}],"author":[{"embeddable":true,"href":"https:\/\/www.radioluna.it\/news\/wp-json\/wp\/v2\/users\/60"}],"replies":[{"embeddable":true,"href":"https:\/\/www.radioluna.it\/news\/wp-json\/wp\/v2\/comments?post=177406"}],"version-history":[{"count":0,"href":"https:\/\/www.radioluna.it\/news\/wp-json\/wp\/v2\/posts\/177406\/revisions"}],"wp:attachment":[{"href":"https:\/\/www.radioluna.it\/news\/wp-json\/wp\/v2\/media?parent=177406"}],"wp:term":[{"taxonomy":"category","embeddable":true,"href":"https:\/\/www.radioluna.it\/news\/wp-json\/wp\/v2\/categories?post=177406"},{"taxonomy":"post_tag","embeddable":true,"href":"https:\/\/www.radioluna.it\/news\/wp-json\/wp\/v2\/tags?post=177406"}],"curies":[{"name":"wp","href":"https:\/\/api.w.org\/{rel}","templated":true}]}}