{"id":177408,"date":"2016-05-03T16:18:22","date_gmt":"2016-05-03T14:18:22","guid":{"rendered":"http:\/\/www.radioluna.it\/news\/?p=177408"},"modified":"2016-05-03T16:18:22","modified_gmt":"2016-05-03T14:18:22","slug":"porcari-basta-con-la-politica-dellurbanistica","status":"publish","type":"post","link":"https:\/\/www.radioluna.it\/news\/2016\/05\/porcari-basta-con-la-politica-dellurbanistica\/","title":{"rendered":"Porcari: &#8220;Basta con la politica dell&#8217;urbanistica&#8221;"},"content":{"rendered":"<div id=\"fb-root\"><\/div>\n<div style=\"text-align: justify;\"><strong><a href=\"http:\/\/www.radioluna.it\/news\/wp-content\/uploads\/2014\/02\/porcari1.jpg\"><img loading=\"lazy\" decoding=\"async\" class=\"aligncenter wp-image-146356 size-full\" src=\"http:\/\/www.radioluna.it\/news\/wp-content\/uploads\/2014\/02\/porcari1.jpg\" alt=\"porcari1\" width=\"597\" height=\"640\" \/><\/a>LATINA &#8211;<\/strong> Negli ultimi 10 anni la popolazione dell&#8217;Italia \u00e8 cresciuta del 3% e la volumetria residenziale del 12%. La differenza \u00e8 la prova della occupazione eccessiva del territorio. Si ritiene necessaria un&#8217;inversione di tendenza che privilegi il recupero e la riqualificazione del costruito in disuso o comunque in condizioni precarie rispetto a nuove costruzioni eccessive che alimentano spesso speculazioni e consumo del territorio.<\/div>\n<div>Occorre porre un limite al cemento selvaggio che sta distruggendo il suolo e il paesaggio in Italia ed anche a Latina. Rispetto al triennio 2009-2012 circa 500 abitazioni civili\u00a0 e circa 150 appartamenti adibiti ad ufficio risultano invenduti nel Comune di Latina. Questi dati, sono dati ufficiali del Comune di Latina e riguardano quelle unit\u00e0 immobiliari per le quali \u00e8 stata presentata richiesta di applicazione dell&#8217;aliquota ridotta prevista dall&#8217;allora Governo Monti per un periodo non superiore a tre anni dall\u2019ultimazione dei lavori.<\/div>\n<div>Potremmo porci una domanda retorica , vale a dire per quali ragioni il centrodestra abbia alimentato e difeso da un punto di vista amministrativo il sorgere di nuove costruzioni anche se rimaneva un cos\u00ec alto tasso di invenduto? A chi e a cosa\u00a0 sono servite?<\/div>\n<div style=\"text-align: justify;\">Per parte nostra, siamo convinti che l\u2019urbanistica debba intendersi nell\u2019ottica di una programmazione pi\u00f9 generale della citt\u00e0, del suo destino e dello spazio che deve avere all\u2019interno e all\u2019esterno di essa. Recupero dell\u2019esistente, demolizione e ricostruzione e nessun consumo di suolo saranno le parole d\u2019ordine dell\u2019amministrazione comunale guidata da Enrico Forte. La nostra idea di urbanistica sar\u00e0 quanto pi\u00f9 partecipata possibile, al servizio dei cittadini e non di pochi affaristi.<\/div>\n<div style=\"text-align: justify;\">In tal senso dovrebbe elaborarsi una politica urbanistica che incentivi il restauro e il recupero di edifici gi\u00e0 esistenti rispetto alle nuove costruzioni, con provvedimenti concreti di premialit\u00e0 per chi sceglie il recupero di edifici. Siamo convinti che una delle prime misure che l\u2019amministrazione dovr\u00e0 varare sar\u00e0 quella di prevedere oneri di urbanizzazione al minimo per chi ristruttura, mentre dovrebbero essere alzati nella loro misura massima per chi costruisce.<\/div>\n<div style=\"text-align: justify;\">Basta con la politica Urbanistica di espansione si deve finalmente puntare ad una Urbanistica di qualit\u00e0 dove si deve porre attenzione soprattutto ad implementare i servizi per i cittadini. Basta con case costruite in mezzo al nulla, senza strade, senza marciapiedi e senza illuminazione.<\/div>\n<div style=\"text-align: justify;\">Il nostro obiettivo sar\u00e0 fornire ad ogni latinense zone residenziali pi\u00f9 sicure e pi\u00f9 confortevoli senza ulteriore consumo di suolo.<\/div>\n<div style=\"text-align: justify;\">Il centrodestra su questo ha sempre dato prova di privilegiare gli interessi di pochi contro gli interessi di molti. Una vergogna durata 23 anni, decisamente troppo tempo.<\/div>\n<div><\/div>\n<div><\/div>\n<div class=\"radio-posizionamento-telefono-in-articoli-dopo-il-contenuto-articolo radio-entity-placement\" id=\"radio-2252409974\"><div id=\"radio-2355884913\"><a href=\"https:\/\/grupporedi.it\/\" aria-label=\"Redi-Qr\"><img loading=\"lazy\" decoding=\"async\" src=\"https:\/\/www.radioluna.it\/news\/wp-content\/uploads\/2026\/03\/Redi-Qr.jpg\" alt=\"\"  srcset=\"https:\/\/www.radioluna.it\/news\/wp-content\/uploads\/2026\/03\/Redi-Qr.jpg 800w, https:\/\/www.radioluna.it\/news\/wp-content\/uploads\/2026\/03\/Redi-Qr-768x639.jpg 768w\" sizes=\"(max-width: 800px) 100vw, 800px\" width=\"300\" height=\"250\"   \/><\/a><\/div><\/div>","protected":false},"excerpt":{"rendered":"<p>LATINA &#8211; Negli ultimi 10 anni la popolazione dell&#8217;Italia \u00e8 cresciuta del 3% e la volumetria residenziale del 12%. La differenza \u00e8 la prova della occupazione eccessiva del territorio. Si ritiene necessaria un&#8217;inversione di tendenza che privilegi il recupero e la riqualificazione del costruito in disuso o comunque in condizioni precarie rispetto a nuove costruzioni [&hellip;]<\/p>\n","protected":false},"author":60,"featured_media":0,"comment_status":"open","ping_status":"closed","sticky":false,"template":"","format":"standard","meta":{"footnotes":""},"categories":[8],"tags":[],"class_list":["post-177408","post","type-post","status-publish","format-standard","hentry","category-politica"],"_links":{"self":[{"href":"https:\/\/www.radioluna.it\/news\/wp-json\/wp\/v2\/posts\/177408","targetHints":{"allow":["GET"]}}],"collection":[{"href":"https:\/\/www.radioluna.it\/news\/wp-json\/wp\/v2\/posts"}],"about":[{"href":"https:\/\/www.radioluna.it\/news\/wp-json\/wp\/v2\/types\/post"}],"author":[{"embeddable":true,"href":"https:\/\/www.radioluna.it\/news\/wp-json\/wp\/v2\/users\/60"}],"replies":[{"embeddable":true,"href":"https:\/\/www.radioluna.it\/news\/wp-json\/wp\/v2\/comments?post=177408"}],"version-history":[{"count":0,"href":"https:\/\/www.radioluna.it\/news\/wp-json\/wp\/v2\/posts\/177408\/revisions"}],"wp:attachment":[{"href":"https:\/\/www.radioluna.it\/news\/wp-json\/wp\/v2\/media?parent=177408"}],"wp:term":[{"taxonomy":"category","embeddable":true,"href":"https:\/\/www.radioluna.it\/news\/wp-json\/wp\/v2\/categories?post=177408"},{"taxonomy":"post_tag","embeddable":true,"href":"https:\/\/www.radioluna.it\/news\/wp-json\/wp\/v2\/tags?post=177408"}],"curies":[{"name":"wp","href":"https:\/\/api.w.org\/{rel}","templated":true}]}}