{"id":177448,"date":"2016-05-04T21:03:32","date_gmt":"2016-05-04T19:03:32","guid":{"rendered":"http:\/\/www.radioluna.it\/news\/?p=177448"},"modified":"2016-05-05T10:49:18","modified_gmt":"2016-05-05T08:49:18","slug":"incidente-mortale-sullappia-a-cisterna","status":"publish","type":"post","link":"https:\/\/www.radioluna.it\/news\/2016\/05\/incidente-mortale-sullappia-a-cisterna\/","title":{"rendered":"Incidente mortale sull&#8217;Appia a Cisterna. Perde la vita Simone Peretti"},"content":{"rendered":"<div id=\"fb-root\"><\/div>\n<p style=\"text-align: justify;\"><a href=\"http:\/\/www.radioluna.it\/news\/wp-content\/uploads\/2016\/05\/incidente-2.jpg\"><img loading=\"lazy\" decoding=\"async\" class=\"aligncenter size-thumbnail wp-image-177451\" src=\"http:\/\/www.radioluna.it\/news\/wp-content\/uploads\/2016\/05\/incidente-2-689x388.jpg\" alt=\"incidente 2\" width=\"689\" height=\"388\" srcset=\"https:\/\/www.radioluna.it\/news\/wp-content\/uploads\/2016\/05\/incidente-2-689x388.jpg 689w, https:\/\/www.radioluna.it\/news\/wp-content\/uploads\/2016\/05\/incidente-2-300x169.jpg 300w, https:\/\/www.radioluna.it\/news\/wp-content\/uploads\/2016\/05\/incidente-2-800x450.jpg 800w, https:\/\/www.radioluna.it\/news\/wp-content\/uploads\/2016\/05\/incidente-2.jpg 894w\" sizes=\"auto, (max-width: 689px) 100vw, 689px\" \/><\/a>CISTERNA &#8211; E&#8217; un ragazzo di 27 anni di Cisterna, Simone Peretti, \u00a0la vittima dell&#8217;incidente stradale avvenuto nel pomeriggio di mercoled\u00ec a Cisterna sull&#8217; Appia, nei pressi del bar Oasi. Il ragazzo che intorno alle 14,30 andava al lavoro in un vivaio della zona, era in sella al suo maxi-scooter T-Max quando per ragioni da chiarire ha tamponato una Seat Toledo. Per lui non c&#8217;\u00e8 stato nulla da fare, \u00e8 sbalzato dalla sella ed \u00e8 finito contro il semaforo e poi sull&#8217;asfalto, nei pressi dell&#8217;incrocio. L&#8217;Appia \u00e8 rimasta bloccata per alcune ore.<\/p>\n<p style=\"text-align: justify;\">Sul posto la Croce Bianca e i la Polizia locale. La drammatica sequenza \u00e8 stata ripresa dalle telecamere di alcuni locali.\u00a0Cisterna piange la sua quinta vittima da dicembre.<\/p>\n<div class=\"radio-posizionamento-telefono-in-articoli-dopo-il-contenuto-articolo radio-entity-placement\" id=\"radio-2926287313\"><div id=\"radio-3550488716\"><a href=\"https:\/\/grupporedi.it\/\" aria-label=\"Redi-Qr\"><img loading=\"lazy\" decoding=\"async\" src=\"https:\/\/www.radioluna.it\/news\/wp-content\/uploads\/2026\/03\/Redi-Qr.jpg\" alt=\"\"  srcset=\"https:\/\/www.radioluna.it\/news\/wp-content\/uploads\/2026\/03\/Redi-Qr.jpg 800w, https:\/\/www.radioluna.it\/news\/wp-content\/uploads\/2026\/03\/Redi-Qr-768x639.jpg 768w\" sizes=\"(max-width: 800px) 100vw, 800px\" width=\"300\" height=\"250\"   \/><\/a><\/div><\/div>","protected":false},"excerpt":{"rendered":"<p>CISTERNA &#8211; E&#8217; un ragazzo di 27 anni di Cisterna, Simone Peretti, \u00a0la vittima dell&#8217;incidente stradale avvenuto nel pomeriggio di mercoled\u00ec a Cisterna sull&#8217; Appia, nei pressi del bar Oasi. Il ragazzo che intorno alle 14,30 andava al lavoro in un vivaio della zona, era in sella al suo maxi-scooter T-Max quando per ragioni da [&hellip;]<\/p>\n","protected":false},"author":62,"featured_media":177450,"comment_status":"open","ping_status":"closed","sticky":false,"template":"","format":"standard","meta":{"footnotes":""},"categories":[7],"tags":[],"class_list":["post-177448","post","type-post","status-publish","format-standard","has-post-thumbnail","hentry","category-cronaca"],"_links":{"self":[{"href":"https:\/\/www.radioluna.it\/news\/wp-json\/wp\/v2\/posts\/177448","targetHints":{"allow":["GET"]}}],"collection":[{"href":"https:\/\/www.radioluna.it\/news\/wp-json\/wp\/v2\/posts"}],"about":[{"href":"https:\/\/www.radioluna.it\/news\/wp-json\/wp\/v2\/types\/post"}],"author":[{"embeddable":true,"href":"https:\/\/www.radioluna.it\/news\/wp-json\/wp\/v2\/users\/62"}],"replies":[{"embeddable":true,"href":"https:\/\/www.radioluna.it\/news\/wp-json\/wp\/v2\/comments?post=177448"}],"version-history":[{"count":0,"href":"https:\/\/www.radioluna.it\/news\/wp-json\/wp\/v2\/posts\/177448\/revisions"}],"wp:featuredmedia":[{"embeddable":true,"href":"https:\/\/www.radioluna.it\/news\/wp-json\/wp\/v2\/media\/177450"}],"wp:attachment":[{"href":"https:\/\/www.radioluna.it\/news\/wp-json\/wp\/v2\/media?parent=177448"}],"wp:term":[{"taxonomy":"category","embeddable":true,"href":"https:\/\/www.radioluna.it\/news\/wp-json\/wp\/v2\/categories?post=177448"},{"taxonomy":"post_tag","embeddable":true,"href":"https:\/\/www.radioluna.it\/news\/wp-json\/wp\/v2\/tags?post=177448"}],"curies":[{"name":"wp","href":"https:\/\/api.w.org\/{rel}","templated":true}]}}