{"id":177484,"date":"2016-05-05T13:50:54","date_gmt":"2016-05-05T11:50:54","guid":{"rendered":"http:\/\/www.radioluna.it\/news\/?p=177484"},"modified":"2016-05-05T16:55:48","modified_gmt":"2016-05-05T14:55:48","slug":"pontina-a-60-km-orari-la-provincia-di-latina-non-ci-sta-disattiveremo-gli-autovelox","status":"publish","type":"post","link":"https:\/\/www.radioluna.it\/news\/2016\/05\/pontina-a-60-km-orari-la-provincia-di-latina-non-ci-sta-disattiveremo-gli-autovelox\/","title":{"rendered":"Pontina a 60 km orari, la Provincia di Latina non ci sta: &#8220;Disattiveremo gli autovelox&#8221;"},"content":{"rendered":"<div id=\"fb-root\"><\/div>\n<div id=\"attachment_177490\" style=\"width: 699px\" class=\"wp-caption aligncenter\"><a href=\"http:\/\/www.radioluna.it\/news\/wp-content\/uploads\/2016\/05\/pontina.jpg\"><img loading=\"lazy\" decoding=\"async\" aria-describedby=\"caption-attachment-177490\" class=\"size-thumbnail wp-image-177490\" src=\"http:\/\/www.radioluna.it\/news\/wp-content\/uploads\/2016\/05\/pontina-689x457.jpg\" alt=\"Un tratto della Pontina\" width=\"689\" height=\"457\" srcset=\"https:\/\/www.radioluna.it\/news\/wp-content\/uploads\/2016\/05\/pontina-689x457.jpg 689w, https:\/\/www.radioluna.it\/news\/wp-content\/uploads\/2016\/05\/pontina-300x199.jpg 300w, https:\/\/www.radioluna.it\/news\/wp-content\/uploads\/2016\/05\/pontina.jpg 788w\" sizes=\"auto, (max-width: 689px) 100vw, 689px\" \/><\/a><p id=\"caption-attachment-177490\" class=\"wp-caption-text\">Un tratto della Pontina<\/p><\/div>\n<p style=\"text-align: justify;\"><strong>LATINA<\/strong> &#8211; L&#8217;Astral riduce drasticamente il limite orario sulla Pontina, rendendola impossibile (pi\u00f9 di quanto non lo sia gi\u00e0) e attacca le Province responsabili di non aver fatto la manutenzione e dunque di aver causato, con l&#8217;inerzia, il dissesto quasi totale del manto stradale. L&#8217;azienda delle strade del Lazio aggiunge di vedersi \u00a0costretta ad avocare a se la manutenzione.<\/p>\n<p style=\"text-align: justify;\">Parole che fanno saltare sulla sedia Via Costa che non ci sta ad essere accusata di immobilismo e annuncia: &#8220;Disattiveremo gli autovelox di nostra competenza sull&#8217;arteria&#8221;. In una nota tecnica, ma molto chiara, l&#8217;ente locale guidato da Eleonora della Penna spiega che non \u00e8 certo la Provincia di Latina ad essere stata inadempiente. Anzi di essersi occupata delle opere ordinarie (e anche straordinarie) pur in assenza delle deleghe da parte della Regione Lazio (che non ha ancora approvato la legge conseguente al riordino delle Province). \u00a0Un fatto burocratico, ma di fondamentale importanza.<\/p>\n<p style=\"text-align: justify;\">&#8220;La documentazione agli atti degli uffici competenti alla viabilit\u00e0 della Provincia di Latina relative alla programmazione ed alla realizzazione degli interventi di manutenzione ordinaria sulla rete viaria regionale, quale funzione delegata fino al 31 dicembre 2015, racconta tutta un\u2019altra storia &#8211; si legge in una nota dell&#8217;Ente &#8211;\u00a0Racconta di un\u2019attivit\u00e0 sempre svolta dalla Provincia attraverso la pianificazione e l\u2019appalto di lotti di manutenzione ordinaria (di sua competenza), ma anche straordinaria (di competenza dell\u2019Astral), dei piani viari e delle pertinenze stradali della rete regionale (circa 250 km) effettuata fino al 2012 con fondi trasferiti dalla Regione per l\u2019esercizio delle delega (circa 3 milioni di euro).\u00a0I documenti agli atti dimostrano che dal 2013, in assenza dei fondi trasferiti dalla Regione Lazio, la Provincia\u00a0 ha provveduto, comunque ad esercitare l\u2019esercizio della delega con propri fondi, ancora oggi non rimborsati.\u00a0Dimostrano che dal 1\u00b0 gennaio 2015 fino al 3 marzo 2016, la Provincia ha continuato ad espletare l\u2019esercizio della delega nonostante la riduzione delle risorse per il triennio 2015\/2017 dovuta dal riordino delle funzioni delle province, che consiste in una riduzione di disponibilit\u00e0 finanziaria per l\u2019anno 2015 pari ad Euro 27 milioni, oltre per il 2016 di una ulteriore riduzione di Euro 13 milioni, quindi complessivamente 40 milioni di Euro di minori risorse su un bilancio corrente di circa 55 milioni di Euro&#8221;. Ma c&#8217;\u00e8 di pi\u00f9.<\/p>\n<p style=\"text-align: justify;\">L&#8217;Astral secondo quanto riportato dalla Provincia di Latina in pratica non ha fatto mai interventi straordinari (di sua competenza) nel tratto pontino limitandosi al tratto romano della 148. &#8220;E\u2019 palese \u00a0&#8211; spiega ancora Via Costa &#8211; che su un tratto di strada come quella che unisce la Capitale al primo capoluogo di provincia del Lazio in termini di popolazione residente, che attraversa l\u2019area pi\u00f9 industrializzata del Lazio, che serve i numerosi utenti pendolari da e per Roma, i mezzi pesanti che trasportano merce alla numerose industrie e centri commerciali dei comuni tra Roma e Latina, il flusso turistico che porta alla lunga costa della provincia pontina, proprio questo tratto di strada possa essere soggetto ad un considerevole traffico veicolare, con elevata componente di veicoli pesanti, e che tutto la struttura del corpo stradale sia sollecitata dal carico veicolare, non solo\u00a0 i primi 3 cm del cosiddetto \u201ctappetino di asfalto\u201d per il quale la Provincia era tenuta a\u00a0 provvedere con la manutenzione ordinaria ma anche gli strati sottostanti l\u2019asfalto la cui manutenzione \u00e8 ed era di competenza dell\u2019Astral.\u00a0Non si capisce perch\u00e9, invece, la Societ\u00e0 abbia pi\u00f9 volte effettuato interventi di manutenzione straordinaria SOLO sul tratto della SR Pontina prima del confine\u00a0 del nostro confine provinciale&#8221;.<\/p>\n<p style=\"text-align: justify;\">La conclusione \u00e8 per un gesto di &#8220;clemenza&#8221; per gli automobilisti &#8220;ai quali il rimpallo di competenze, poco importa&#8221;: disattivare le postazioni di rilevazione della velocit\u00e0 nel tratto nel Comune di Aprilia, le stesse che hanno prodotto parte delle risorse economiche investite con gli interventi sulla rete stradale. Nei prossimi giorni gli autovelox saranno messi fuori uso in attesa di capire meglio le nuove competenze.<\/p>\n<p style=\"text-align: justify;\"><strong>LA LETTERA DI UNA PENDOLARE<\/strong> &#8211; Intanto i pendolari si scatenano. Pubblichiamo qui la lettera di una cittadina di Latina che ogmni giorni va a Roma per lavoro<\/p>\n<p style=\"text-align: justify;\">Per chi ogni giorno frequenta la Pontina il limite a 50 o 60 km\/h \u00e8 punitivo. Come se non fosse gi\u00e0 abbastanza punitivo nel terzo millennio dover viaggiare su una delle strade pi\u00f9 pericolose di Italia.<br \/>\nNon basta la giustificazione dell&#8217;apertura dei cantieri, perch\u00e8 la strada non dovrebbe ridursi cos\u00ec, avreste dovuto effettuare manutenzione ordinaria e straordinaria SEMPRE.<br \/>\nAvete calcolato in quanto tempo un pendolare per lavoro o per motivi sanitari arriva a Roma da Latina, per esempio?<br \/>\nAlcune citt\u00e0, i loro cittadini e le relative attivit\u00e0 produttive si troveranno tagliate fuori dal mondo.<br \/>\nChiedo di rivedere l&#8217;ordinanza con la quale l&#8217;Astral stabilisce questi limiti cercando soluzioni alternative a un provvedimento che fa piombare alcune realt\u00e0 indietro di cinquanta anni.<br \/>\nGrazie<br \/>\nTeresa Faticoni<\/p>\n<div class=\"radio-posizionamento-telefono-in-articoli-dopo-il-contenuto-articolo radio-entity-placement\" id=\"radio-898879555\"><div id=\"radio-3912074989\"><a href=\"https:\/\/grupporedi.it\/\" aria-label=\"Redi-Qr\"><img loading=\"lazy\" decoding=\"async\" src=\"https:\/\/www.radioluna.it\/news\/wp-content\/uploads\/2026\/03\/Redi-Qr.jpg\" alt=\"\"  srcset=\"https:\/\/www.radioluna.it\/news\/wp-content\/uploads\/2026\/03\/Redi-Qr.jpg 800w, https:\/\/www.radioluna.it\/news\/wp-content\/uploads\/2026\/03\/Redi-Qr-768x639.jpg 768w\" sizes=\"(max-width: 800px) 100vw, 800px\" width=\"300\" height=\"250\"   \/><\/a><\/div><\/div>","protected":false},"excerpt":{"rendered":"<p>LATINA &#8211; L&#8217;Astral riduce drasticamente il limite orario sulla Pontina, rendendola impossibile (pi\u00f9 di quanto non lo sia gi\u00e0) e attacca le Province responsabili di non aver fatto la manutenzione e dunque di aver causato, con l&#8217;inerzia, il dissesto quasi totale del manto stradale. L&#8217;azienda delle strade del Lazio aggiunge di vedersi \u00a0costretta ad avocare [&hellip;]<\/p>\n","protected":false},"author":62,"featured_media":177490,"comment_status":"open","ping_status":"closed","sticky":false,"template":"","format":"standard","meta":{"footnotes":""},"categories":[7],"tags":[],"class_list":["post-177484","post","type-post","status-publish","format-standard","has-post-thumbnail","hentry","category-cronaca"],"_links":{"self":[{"href":"https:\/\/www.radioluna.it\/news\/wp-json\/wp\/v2\/posts\/177484","targetHints":{"allow":["GET"]}}],"collection":[{"href":"https:\/\/www.radioluna.it\/news\/wp-json\/wp\/v2\/posts"}],"about":[{"href":"https:\/\/www.radioluna.it\/news\/wp-json\/wp\/v2\/types\/post"}],"author":[{"embeddable":true,"href":"https:\/\/www.radioluna.it\/news\/wp-json\/wp\/v2\/users\/62"}],"replies":[{"embeddable":true,"href":"https:\/\/www.radioluna.it\/news\/wp-json\/wp\/v2\/comments?post=177484"}],"version-history":[{"count":0,"href":"https:\/\/www.radioluna.it\/news\/wp-json\/wp\/v2\/posts\/177484\/revisions"}],"wp:featuredmedia":[{"embeddable":true,"href":"https:\/\/www.radioluna.it\/news\/wp-json\/wp\/v2\/media\/177490"}],"wp:attachment":[{"href":"https:\/\/www.radioluna.it\/news\/wp-json\/wp\/v2\/media?parent=177484"}],"wp:term":[{"taxonomy":"category","embeddable":true,"href":"https:\/\/www.radioluna.it\/news\/wp-json\/wp\/v2\/categories?post=177484"},{"taxonomy":"post_tag","embeddable":true,"href":"https:\/\/www.radioluna.it\/news\/wp-json\/wp\/v2\/tags?post=177484"}],"curies":[{"name":"wp","href":"https:\/\/api.w.org\/{rel}","templated":true}]}}