{"id":177506,"date":"2016-05-05T16:19:18","date_gmt":"2016-05-05T14:19:18","guid":{"rendered":"http:\/\/www.radioluna.it\/news\/?p=177506"},"modified":"2016-05-05T16:19:18","modified_gmt":"2016-05-05T14:19:18","slug":"legalita-e-appartenenza-i-tempi-del-convegno-di-lbc-giovani","status":"publish","type":"post","link":"https:\/\/www.radioluna.it\/news\/2016\/05\/legalita-e-appartenenza-i-tempi-del-convegno-di-lbc-giovani\/","title":{"rendered":"Legalit\u00e0 e appartenenza, i tempi del convegno di Lbc Giovani"},"content":{"rendered":"<div id=\"fb-root\"><\/div>\n<p style=\"text-align: justify;\"><strong><a href=\"http:\/\/www.radioluna.it\/news\/wp-content\/uploads\/2016\/04\/lbc-giovani.jpg\"><img loading=\"lazy\" decoding=\"async\" class=\"aligncenter size-thumbnail wp-image-177191\" src=\"http:\/\/www.radioluna.it\/news\/wp-content\/uploads\/2016\/04\/lbc-giovani-689x444.jpg\" alt=\"lbc giovani\" width=\"689\" height=\"444\" \/><\/a>LATINA &#8211;<\/strong> Legalit\u00e0 e appartenenza sono temi che i Giovani di LBC sentono particolarmente vicini e urgenti, per questo hanno scelto di trattarli sabato 7 maggio nell\u2019ambito dell\u2019iniziativa \u201cIl Sabato di Latina Bene Comune\u201d. A partire dalle 18.30, presso la sede di Corso della Repubblica 216, i candidati di LBC Giovani interverranno nello spazio dedicato all\u2019approfondimento del programma per affermare la loro estraneit\u00e0 ai sistemi contaminati che hanno governato la citt\u00e0 e invitare i loro coetanei ad alzare la testa e a pretendere un reale cambiamento.<\/p>\n<p style=\"text-align: justify;\">\u00abI giovani di LBC amano il loro territorio anche se complicato e per molti versi respingente \u2013 afferma Cristina Leggio, capolista di LBC Giovani \u2013 hanno qui le loro radici o le stanno costruendo. \u00c8 da questo presupposto che nasce l\u2019impegno che ciascuno di noi ha preso entrando a far parte del movimento civico. Il nostro obiettivo \u00e8 promuovere un cambiamento radicale, autentico, condiviso. In questa citt\u00e0 siamo stati, e siamo, spettatori di una progressiva e implacabile deriva etica nella gestione della cosa pubblica e delle abitudini condivise. Noi siamo giovani, ma non per questo incapaci di vedere e capire. Facciamo esperienza quotidiana della corruzione che sta divorando il nostro territorio, le sue risorse, la sua bellezza. Ne facciamo esperienza ogni giorno sul posto di lavoro, nel disbrigo delle nostre questioni personali, nel leggere le notizie sui giornali, nell\u2019esperienza di questa campagna elettorale\u00bb.<\/p>\n<p style=\"text-align: justify;\">Nel loro programma i Giovani propongono progetti per migliorare la funzionalit\u00e0 del trasporto pubblico, per favorire il raccordo tra formazione e mondo del lavoro, per promuovere la cultura. Tutti aspetti centrali e forti: \u00abMa sappiamo che la problematica dell\u2019illegalit\u00e0 \u00e8 dilagante \u2013 sottolinea la Leggio &#8211; e contamina tutti questi ambiti minando la vivibilit\u00e0 della citt\u00e0 e la realizzabilit\u00e0 dei nostri progetti. Non abbiamo paura di affermare la nostra estraneit\u00e0 al sistema diffuso di illegalit\u00e0 che ha danneggiato Latina e vogliamo invitare i nostri coetanei a esigere un cambiamento, a non credere alle promesse di chi ci ha gi\u00e0 pi\u00f9 volte traditi. Dobbiamo volere e pretendere di pi\u00f9\u00bb.<\/p>\n<p style=\"text-align: justify;\">Sabato 7 maggio, presso l\u2019InfoPoint in corso della Repubblica, i Giovani incontreranno i cittadini e le cittadine di Latina e ribadiranno il loro No. No alla corruzione, ai favoritismi, al voto di scambio, alla gestione del bene comune per l\u2019interesse personale. \u00abRibadiremo il nostro impegno per una \u201cnuova citt\u00e0\u201d \u2013 anticipa la capolista &#8211; e spiegheremo attraverso quali azioni lo porteremo avanti. Parlare di legalit\u00e0 significa impegnarsi per il rispetto delle regole nella vita sociale e nella gestione della citt\u00e0, difendere i valori della democrazia e promuovere l&#8217;esercizio dei diritti di cittadinanza. Ha le sue basi nella partecipazione e nella consapevolezza: fate un passo anche voi \u2013 conclude la Leggio rivolgendosi alla citt\u00e0 &#8211; veniteci a conoscere\u00bb.<\/p>\n","protected":false},"excerpt":{"rendered":"<p>LATINA &#8211; Legalit\u00e0 e appartenenza sono temi che i Giovani di LBC sentono particolarmente vicini e urgenti, per questo hanno scelto di trattarli sabato 7 maggio nell\u2019ambito dell\u2019iniziativa \u201cIl Sabato di Latina Bene Comune\u201d. A partire dalle 18.30, presso la sede di Corso della Repubblica 216, i candidati di LBC Giovani interverranno nello spazio dedicato [&hellip;]<\/p>\n","protected":false},"author":60,"featured_media":0,"comment_status":"open","ping_status":"closed","sticky":false,"template":"","format":"standard","meta":{"footnotes":""},"categories":[8],"tags":[],"class_list":["post-177506","post","type-post","status-publish","format-standard","hentry","category-politica"],"_links":{"self":[{"href":"https:\/\/www.radioluna.it\/news\/wp-json\/wp\/v2\/posts\/177506","targetHints":{"allow":["GET"]}}],"collection":[{"href":"https:\/\/www.radioluna.it\/news\/wp-json\/wp\/v2\/posts"}],"about":[{"href":"https:\/\/www.radioluna.it\/news\/wp-json\/wp\/v2\/types\/post"}],"author":[{"embeddable":true,"href":"https:\/\/www.radioluna.it\/news\/wp-json\/wp\/v2\/users\/60"}],"replies":[{"embeddable":true,"href":"https:\/\/www.radioluna.it\/news\/wp-json\/wp\/v2\/comments?post=177506"}],"version-history":[{"count":0,"href":"https:\/\/www.radioluna.it\/news\/wp-json\/wp\/v2\/posts\/177506\/revisions"}],"wp:attachment":[{"href":"https:\/\/www.radioluna.it\/news\/wp-json\/wp\/v2\/media?parent=177506"}],"wp:term":[{"taxonomy":"category","embeddable":true,"href":"https:\/\/www.radioluna.it\/news\/wp-json\/wp\/v2\/categories?post=177506"},{"taxonomy":"post_tag","embeddable":true,"href":"https:\/\/www.radioluna.it\/news\/wp-json\/wp\/v2\/tags?post=177506"}],"curies":[{"name":"wp","href":"https:\/\/api.w.org\/{rel}","templated":true}]}}