{"id":177507,"date":"2016-05-05T16:41:14","date_gmt":"2016-05-05T14:41:14","guid":{"rendered":"http:\/\/www.radioluna.it\/news\/?p=177507"},"modified":"2016-05-05T16:41:14","modified_gmt":"2016-05-05T14:41:14","slug":"latina-deve-essere-smart-city-centro-completamente-coperto-dalla-rete-wi-fi","status":"publish","type":"post","link":"https:\/\/www.radioluna.it\/news\/2016\/05\/latina-deve-essere-smart-city-centro-completamente-coperto-dalla-rete-wi-fi\/","title":{"rendered":"Latina deve essere Smart city: centro completamente coperto dalla rete wi-fi"},"content":{"rendered":"<div id=\"fb-root\"><\/div>\n<p style=\"text-align: justify;\"><strong><a href=\"http:\/\/www.radioluna.it\/news\/wp-content\/uploads\/2016\/05\/Enrico-Forte-e-Giorgio-Fiore.jpg\"><img loading=\"lazy\" decoding=\"async\" class=\"aligncenter size-full wp-image-177508\" src=\"http:\/\/www.radioluna.it\/news\/wp-content\/uploads\/2016\/05\/Enrico-Forte-e-Giorgio-Fiore.jpg\" alt=\"Enrico Forte e Giorgio Fiore\" width=\"615\" height=\"473\" \/><\/a>LATINA<\/strong> &#8211; \u00abLatina deve fare un passo avanti e diventare una smart city colmando quel vuoto di connessione tecnologica che la isola\u00bb.<br \/>\nPrendendo spunto da uno degli impegni assunti dal candidato sindaco Enrico Forte il coordinatore della lista Citt\u00e0 Forte Giorgio Fiore rilancia il progetto di una citt\u00e0 al passo con i tempi il cui territorio, in particolare il centro storico, sia completamente coperto dalla rete wi-fi mettendo a disposizione dei giovani e di tutti coloro che lo frequentano uno strumento per essere sempre collegati mentre si passeggia sia per lavoro o per piacere.<br \/>\n\u00ab\u00c8 dalla creazione di infrastrutture tecnologiche di questo tipo \u2013 sottolinea Fiore &#8211; che possiamo immaginare una Latina tecnologicamente all\u2019avanguardia anche attraverso la creazione e la divulgazione di contenuti informativi, applicazioni mobile di accesso ai servizi informativi istituzionali o commerciali. Un\u2019operazione questa che pu\u00f2 diventare l\u2019occasione di siglare una sorte di patto tra la futura amministrazione comunale e i commercianti il cui obiettivo sia il bene comune e lo sviluppo della citt\u00e0. Ognuno di noi maneggia quotidianamente uno smartphone, un tablet o un notebook e disporre dell\u2019accessibilit\u00e0 a comunicazioni istituzionali, offerte culturali, contenuti di promozione commerciale vuol dire concretamente aprire nuovi canali di interazione e di condivisione, mettere in contatto le persone, le associazioni e i privati, coinvolgendo i cittadini come parte della vita del capoluogo pontino. L\u2019idea \u00e8 quella di creare un servizio facile e semplice \u2013 prosegue il coordinatore della lista Citt\u00e0 Forte &#8211; che porti benefici economici e sociali, crei opportunit\u00e0 di sviluppo e contribuisca ad una nuova crescita dell&#8217;area commerciale del centro fornendo a tutti molteplici e innovative opportunit\u00e0 di promozione. Smart \u00e8 sinonimo di efficiente, capace, inclusivo, moderno, sostenibile: una citt\u00e0 intelligente e contemporanea quale la Latina che vogliamo costruire \u2013 conclude \u2013 ha bisogno di interventi coordinati ed integrati con l\u2019occhio sempre ricolto alla riqualificazione urbana di alcune infrastrutture e alla sua connessione con il resto del territorio\u00bb.<\/p>\n","protected":false},"excerpt":{"rendered":"<p>LATINA &#8211; \u00abLatina deve fare un passo avanti e diventare una smart city colmando quel vuoto di connessione tecnologica che la isola\u00bb. Prendendo spunto da uno degli impegni assunti dal candidato sindaco Enrico Forte il coordinatore della lista Citt\u00e0 Forte Giorgio Fiore rilancia il progetto di una citt\u00e0 al passo con i tempi il cui [&hellip;]<\/p>\n","protected":false},"author":60,"featured_media":0,"comment_status":"open","ping_status":"closed","sticky":false,"template":"","format":"standard","meta":{"footnotes":""},"categories":[8],"tags":[],"class_list":["post-177507","post","type-post","status-publish","format-standard","hentry","category-politica"],"_links":{"self":[{"href":"https:\/\/www.radioluna.it\/news\/wp-json\/wp\/v2\/posts\/177507","targetHints":{"allow":["GET"]}}],"collection":[{"href":"https:\/\/www.radioluna.it\/news\/wp-json\/wp\/v2\/posts"}],"about":[{"href":"https:\/\/www.radioluna.it\/news\/wp-json\/wp\/v2\/types\/post"}],"author":[{"embeddable":true,"href":"https:\/\/www.radioluna.it\/news\/wp-json\/wp\/v2\/users\/60"}],"replies":[{"embeddable":true,"href":"https:\/\/www.radioluna.it\/news\/wp-json\/wp\/v2\/comments?post=177507"}],"version-history":[{"count":0,"href":"https:\/\/www.radioluna.it\/news\/wp-json\/wp\/v2\/posts\/177507\/revisions"}],"wp:attachment":[{"href":"https:\/\/www.radioluna.it\/news\/wp-json\/wp\/v2\/media?parent=177507"}],"wp:term":[{"taxonomy":"category","embeddable":true,"href":"https:\/\/www.radioluna.it\/news\/wp-json\/wp\/v2\/categories?post=177507"},{"taxonomy":"post_tag","embeddable":true,"href":"https:\/\/www.radioluna.it\/news\/wp-json\/wp\/v2\/tags?post=177507"}],"curies":[{"name":"wp","href":"https:\/\/api.w.org\/{rel}","templated":true}]}}