{"id":177543,"date":"2016-05-06T14:03:51","date_gmt":"2016-05-06T12:03:51","guid":{"rendered":"http:\/\/www.radioluna.it\/news\/?p=177543"},"modified":"2016-05-06T14:03:51","modified_gmt":"2016-05-06T12:03:51","slug":"tasse-latina-quindicesima-in-italia-per-total-tax-rate","status":"publish","type":"post","link":"https:\/\/www.radioluna.it\/news\/2016\/05\/tasse-latina-quindicesima-in-italia-per-total-tax-rate\/","title":{"rendered":"Tasse, Latina quindicesima in Italia per Total Tax Rate"},"content":{"rendered":"<div id=\"fb-root\"><\/div>\n<p style=\"text-align: justify;\"><strong><a href=\"http:\/\/www.radioluna.it\/news\/wp-content\/uploads\/2014\/09\/tasse.jpg\"><img loading=\"lazy\" decoding=\"async\" class=\"aligncenter size-full wp-image-155788\" src=\"http:\/\/www.radioluna.it\/news\/wp-content\/uploads\/2014\/09\/tasse.jpg\" alt=\"tasse\" width=\"478\" height=\"317\" srcset=\"https:\/\/www.radioluna.it\/news\/wp-content\/uploads\/2014\/09\/tasse.jpg 478w, https:\/\/www.radioluna.it\/news\/wp-content\/uploads\/2014\/09\/tasse-300x199.jpg 300w\" sizes=\"auto, (max-width: 478px) 100vw, 478px\" \/><\/a>LATINA<\/strong> &#8211;\u00a0Latina con il 65,30% di Total Tax Rate \u00e8 15\u00b0 nella classifica fra i 124 comuni pi\u00f9 grandi d\u2019Italia per tassazione. I dati sono stati diffusi poco fa dalla CNA e sono quelli dell&#8217;l\u2019Osservatorio interno all&#8217;associazione di categoria che ha pubblicato i risultati di uno studio molto approfondito sull&#8217;argomento. La media nazionale \u00e8 pi\u00f9 bassa di quasi 5 punti percentuali rispetto a quella del capoluogo.<\/p>\n<p style=\"text-align: justify;\">Sottolinea il Direttore della CNA di Latina, Antonello Testa: &#8220;Il dato \u00e8 fortemente preoccupante per le piccole e medie imprese del comune capoluogo. Infatti significa che ai nostri piccoli imprenditori ad ogni \u20ac 100,00 di utile vengono tolti \u20ac 65,30 per il totale del prelievo fiscale&#8221;.<\/p>\n<p align=\"center\">\n<p style=\"text-align: justify;\">\u201cIl dato \u00e8 ancora pi\u00f9 allarmante se ci riferiamo al Data Tax-Free Day, cio\u00e8 l\u2019ultimo giorno dell\u2019anno necessario per assolvere gli oneri fiscali. Anche qui Latina si piazza in 15 posizione con il 26 agosto, cio\u00e8 significa che i nostri piccoli imprenditori sono costretti a lavorare dal 1 gennaio a 26 agosto per pagare le tasse e solo dal 27 agosto (la media nazionale \u00e8 al 9 agosto) possono lavorare per produrre reddito per se e per la propria famiglia&#8221;, \u00a0continua il Direttore Testa.<\/p>\n<p style=\"text-align: justify;\">\u201cQuesto dato \u00e8 drammatico \u2013 afferma il Presidente della CNA Latina, Angelo Agnoni &#8211; se si pensa che al 34,70% che resta al nostro piccolo imprenditore bisogna sottrarre le spese necessarie al mantenimento della propria casa e della propria famiglia. Con questi dati poco resta per le altre spese varie ed \u00e8 racchiusa qui la causa della mancata ripartenza dell\u2019economia. Con questo quadro noi, come Associazione, andremo a fare delle richieste ai candidati sindaci di questa citt\u00e0. La CNA di Latina chiede una forte attenzione alla tassazione locale ed una gestione capillare delle entrare anche in virt\u00f9 delle evidenti difficolt\u00e0 di un Sindaco a far quadrare i conti visto che lo Stato centrale assorbe il 70% delle prelievo\u201d.<\/p>\n","protected":false},"excerpt":{"rendered":"<p>LATINA &#8211;\u00a0Latina con il 65,30% di Total Tax Rate \u00e8 15\u00b0 nella classifica fra i 124 comuni pi\u00f9 grandi d\u2019Italia per tassazione. I dati sono stati diffusi poco fa dalla CNA e sono quelli dell&#8217;l\u2019Osservatorio interno all&#8217;associazione di categoria che ha pubblicato i risultati di uno studio molto approfondito sull&#8217;argomento. La media nazionale \u00e8 pi\u00f9 [&hellip;]<\/p>\n","protected":false},"author":62,"featured_media":155788,"comment_status":"open","ping_status":"closed","sticky":false,"template":"","format":"standard","meta":{"footnotes":""},"categories":[11],"tags":[],"class_list":["post-177543","post","type-post","status-publish","format-standard","has-post-thumbnail","hentry","category-economia"],"_links":{"self":[{"href":"https:\/\/www.radioluna.it\/news\/wp-json\/wp\/v2\/posts\/177543","targetHints":{"allow":["GET"]}}],"collection":[{"href":"https:\/\/www.radioluna.it\/news\/wp-json\/wp\/v2\/posts"}],"about":[{"href":"https:\/\/www.radioluna.it\/news\/wp-json\/wp\/v2\/types\/post"}],"author":[{"embeddable":true,"href":"https:\/\/www.radioluna.it\/news\/wp-json\/wp\/v2\/users\/62"}],"replies":[{"embeddable":true,"href":"https:\/\/www.radioluna.it\/news\/wp-json\/wp\/v2\/comments?post=177543"}],"version-history":[{"count":0,"href":"https:\/\/www.radioluna.it\/news\/wp-json\/wp\/v2\/posts\/177543\/revisions"}],"wp:featuredmedia":[{"embeddable":true,"href":"https:\/\/www.radioluna.it\/news\/wp-json\/wp\/v2\/media\/155788"}],"wp:attachment":[{"href":"https:\/\/www.radioluna.it\/news\/wp-json\/wp\/v2\/media?parent=177543"}],"wp:term":[{"taxonomy":"category","embeddable":true,"href":"https:\/\/www.radioluna.it\/news\/wp-json\/wp\/v2\/categories?post=177543"},{"taxonomy":"post_tag","embeddable":true,"href":"https:\/\/www.radioluna.it\/news\/wp-json\/wp\/v2\/tags?post=177543"}],"curies":[{"name":"wp","href":"https:\/\/api.w.org\/{rel}","templated":true}]}}