{"id":177668,"date":"2016-05-09T14:16:38","date_gmt":"2016-05-09T12:16:38","guid":{"rendered":"http:\/\/www.radioluna.it\/news\/?p=177668"},"modified":"2016-05-09T14:16:38","modified_gmt":"2016-05-09T12:16:38","slug":"a-monte-san-biagio-la-prima-biblioteca-allaperto-della-provincia-di-latina","status":"publish","type":"post","link":"https:\/\/www.radioluna.it\/news\/2016\/05\/a-monte-san-biagio-la-prima-biblioteca-allaperto-della-provincia-di-latina\/","title":{"rendered":"A Monte San Biagio la prima biblioteca all\u2019aperto della provincia di Latina"},"content":{"rendered":"<div id=\"fb-root\"><\/div>\n<div id=\"attachment_177669\" style=\"width: 699px\" class=\"wp-caption aligncenter\"><a href=\"http:\/\/www.radioluna.it\/news\/wp-content\/uploads\/2016\/05\/Il-luogo-in-cui-sorger\u00e0-la-biblioteca-allaperto.jpg\"><img loading=\"lazy\" decoding=\"async\" aria-describedby=\"caption-attachment-177669\" class=\"wp-image-177669 size-thumbnail\" src=\"http:\/\/www.radioluna.it\/news\/wp-content\/uploads\/2016\/05\/Il-luogo-in-cui-sorger\u00e0-la-biblioteca-allaperto-689x388.jpg\" alt=\"Il luogo in cui sorger\u00e0 la biblioteca all'aperto\" width=\"689\" height=\"388\" srcset=\"https:\/\/www.radioluna.it\/news\/wp-content\/uploads\/2016\/05\/Il-luogo-in-cui-sorger\u00e0-la-biblioteca-allaperto-689x388.jpg 689w, https:\/\/www.radioluna.it\/news\/wp-content\/uploads\/2016\/05\/Il-luogo-in-cui-sorger\u00e0-la-biblioteca-allaperto-300x169.jpg 300w, https:\/\/www.radioluna.it\/news\/wp-content\/uploads\/2016\/05\/Il-luogo-in-cui-sorger\u00e0-la-biblioteca-allaperto-800x450.jpg 800w, https:\/\/www.radioluna.it\/news\/wp-content\/uploads\/2016\/05\/Il-luogo-in-cui-sorger\u00e0-la-biblioteca-allaperto.jpg 960w\" sizes=\"auto, (max-width: 689px) 100vw, 689px\" \/><\/a><p id=\"caption-attachment-177669\" class=\"wp-caption-text\">Il luogo in cui sorger\u00e0 la biblioteca all&#8217;aperto<\/p><\/div>\n<p style=\"text-align: justify;\"><strong>MONTE SAN BIAGIO<\/strong> &#8211; \u00a0Studiare o leggere all\u2019ombra di una quercia secolare in un luogo incontaminato, si potr\u00e0 presto a Monte San Biagio. Mercoled\u00ec 11 maggio prendono il via le giornate dedicate alla biblioteca all\u2019aperto, iniziativa dell&#8217;associazione locale La Sughereta che importa una bella abitudine gi\u00e0 molto diffusa per esempio nella Repubblica Slovena o in Olanda.<br \/>\nL\u2019associazione presieduta da Ilaria D\u2019Ambrosio ha fatto sua questa idea, per valorizzare il territorio di San Vito avvicinando grandi e piccoli alla lettura e per far conoscere una zona paesaggisticamente magica come quella della sorgente o della sughereta. \u00abL&#8217;idea \u2013 spiegano dall\u2019associazione &#8211; \u00e8 quella di coinvolgere da subito le scuole avviando attivit\u00e0 concordate con gli insegnanti, cosicch\u00e9 i pi\u00f9 piccoli possano veicolare la passione per il binomio lettura-natura anche ai pi\u00f9 grandi\u00bb.<br \/>\nL\u2019inaugurazione della biblioteca all\u2019aperto \u00e8 prevista per mercoled\u00ec 11 maggio alle ore 9 con la presenza degli alunni della scuola elementare di Monte San Biagio. Ogni piccolo studente avr\u00e0 un libro sul tema del viaggio e lo legger\u00e0 nel corso dei vari incontri (previsti per le giornate 18, 19, 25 e 26 maggio). Ai bambini della scuola dell\u2019infanzia verranno invece lette fiabe e storie da un vero e proprio oratore.<\/p>\n<p style=\"text-align: justify;\">Per tutti gli altri la biblioteca sar\u00e0 aperta ogni domenica, a partire dal 15 maggio, dalle ore 15:30 alle 17:00. Ognuno potr\u00e0 scegliere un libro da leggere oppure portarsene uno proprio da casa, godendosi anche la vista e l&#8217;esperienza di una delle sugherete pi\u00f9 belle d\u2019Italia. A partire dal mese di giugno gli orari cambieranno e nel corso dell\u2019estate ci saranno serate organizzate con ospiti e presentazioni di libri scritti da autori pontini.<\/p>\n","protected":false},"excerpt":{"rendered":"<p>MONTE SAN BIAGIO &#8211; \u00a0Studiare o leggere all\u2019ombra di una quercia secolare in un luogo incontaminato, si potr\u00e0 presto a Monte San Biagio. Mercoled\u00ec 11 maggio prendono il via le giornate dedicate alla biblioteca all\u2019aperto, iniziativa dell&#8217;associazione locale La Sughereta che importa una bella abitudine gi\u00e0 molto diffusa per esempio nella Repubblica Slovena o in [&hellip;]<\/p>\n","protected":false},"author":62,"featured_media":177669,"comment_status":"open","ping_status":"closed","sticky":false,"template":"","format":"standard","meta":{"footnotes":""},"categories":[12],"tags":[],"class_list":["post-177668","post","type-post","status-publish","format-standard","has-post-thumbnail","hentry","category-ambiente"],"_links":{"self":[{"href":"https:\/\/www.radioluna.it\/news\/wp-json\/wp\/v2\/posts\/177668","targetHints":{"allow":["GET"]}}],"collection":[{"href":"https:\/\/www.radioluna.it\/news\/wp-json\/wp\/v2\/posts"}],"about":[{"href":"https:\/\/www.radioluna.it\/news\/wp-json\/wp\/v2\/types\/post"}],"author":[{"embeddable":true,"href":"https:\/\/www.radioluna.it\/news\/wp-json\/wp\/v2\/users\/62"}],"replies":[{"embeddable":true,"href":"https:\/\/www.radioluna.it\/news\/wp-json\/wp\/v2\/comments?post=177668"}],"version-history":[{"count":0,"href":"https:\/\/www.radioluna.it\/news\/wp-json\/wp\/v2\/posts\/177668\/revisions"}],"wp:featuredmedia":[{"embeddable":true,"href":"https:\/\/www.radioluna.it\/news\/wp-json\/wp\/v2\/media\/177669"}],"wp:attachment":[{"href":"https:\/\/www.radioluna.it\/news\/wp-json\/wp\/v2\/media?parent=177668"}],"wp:term":[{"taxonomy":"category","embeddable":true,"href":"https:\/\/www.radioluna.it\/news\/wp-json\/wp\/v2\/categories?post=177668"},{"taxonomy":"post_tag","embeddable":true,"href":"https:\/\/www.radioluna.it\/news\/wp-json\/wp\/v2\/tags?post=177668"}],"curies":[{"name":"wp","href":"https:\/\/api.w.org\/{rel}","templated":true}]}}