{"id":177808,"date":"2016-05-13T11:15:31","date_gmt":"2016-05-13T09:15:31","guid":{"rendered":"http:\/\/www.radioluna.it\/news\/?p=177808"},"modified":"2016-05-13T11:15:31","modified_gmt":"2016-05-13T09:15:31","slug":"scettro-a-stefano-fabrizi-cintura-nera-di-felicita","status":"publish","type":"post","link":"https:\/\/www.radioluna.it\/news\/2016\/05\/scettro-a-stefano-fabrizi-cintura-nera-di-felicita\/","title":{"rendered":"SCETTRO A STEFANO FABRIZI: CINTURA NERA DI FELICIT\u00c0"},"content":{"rendered":"<div id=\"fb-root\"><\/div>\n<p style=\"text-align: justify;\"><strong><a href=\"http:\/\/www.radioluna.it\/news\/wp-content\/uploads\/2016\/05\/vespa.jpg\"><img loading=\"lazy\" decoding=\"async\" class=\"aligncenter size-full wp-image-177810\" src=\"http:\/\/www.radioluna.it\/news\/wp-content\/uploads\/2016\/05\/vespa.jpg\" alt=\"vespa\" width=\"523\" height=\"523\" srcset=\"https:\/\/www.radioluna.it\/news\/wp-content\/uploads\/2016\/05\/vespa.jpg 523w, https:\/\/www.radioluna.it\/news\/wp-content\/uploads\/2016\/05\/vespa-300x300.jpg 300w, https:\/\/www.radioluna.it\/news\/wp-content\/uploads\/2016\/05\/vespa-50x50.jpg 50w\" sizes=\"auto, (max-width: 523px) 100vw, 523px\" \/><\/a>LATINA<\/strong> &#8211;\u00a0Alcuni dei &#8220;segni particolari&#8221; che contraddistinguono l&#8217;esclusivit\u00e0 della tienda pi\u00f9 cool dell&#8217;isola che non c&#8217;\u00e8. \u00a0Eppure lui l&#8217;ha trovata &#8230; con tutta la sua effervescente energia e brillante creativit\u00e0!<br \/>\nQuesta \u00e8 l&#8217;atmosfera paradisiaca che si respira all&#8217;interno del concept store &#8220;TLOVE FORMENTERA&#8221;.<br \/>\n&#8220;Un punto di ritrovo per chi vuol dirsi qualcosa dipingendo &#8220;, dice Stefano Fabrizi , ideatore del brand e autore di t-shirt.<br \/>\nCon l&#8217;aiuto del suo team, l&#8217;imprenditore di Senigallia ha creato negli anni una vera e propria dipendenza&#8230;.<br \/>\nNon puoi tornare a casa senza la TUA maglietta! I capi infatti vengono tutti dipinti a mano e profumano di unicit\u00e0!<br \/>\nTLOVE riserva grande spazio anche agli accessori, come teli , borse ,gioielli, occhiali e infradito.<br \/>\nMousse Dan la bouche, Timex , LCF Jewelry , Colored Revolution, Hikkidawa, alcune delle aziende sapientemente selezionate per la prossima estate da Stefano.<br \/>\nUn&#8217;oasi felice che nasconde angoli di sorrisi e spensieratezza.<br \/>\nTappa fissa per vip, influencer e sportivi!<br \/>\nOgni stagione una nuova sorpresa &#8230;<br \/>\nTLOVE infatti rinnova e reinventa sempre il suo design mettendo in campo tutte le skills vincenti!<br \/>\nChiss\u00e0 che cosa riserver\u00e0 el verano 2016&#8230; Nel cuore di Es pujols&#8230; Te quiero? NO TLOVE FORMENTERA!<\/p>\n<pre class=\"aLF-aPX-K0-aPE aLF-aPX-aLK-ayr-auR\"><\/pre>\n<div class=\"radio-posizionamento-telefono-in-articoli-dopo-il-contenuto-articolo radio-entity-placement\" id=\"radio-2436210945\"><div id=\"radio-3438871739\" style=\"width: 300px;height: 250px;\"><a href=\"https:\/\/www.icarspa.it\/auto\/usate\/latina\/\" aria-label=\"banner aprile icar new life &#8211; auto usate latina\"><img loading=\"lazy\" decoding=\"async\" src=\"https:\/\/www.radioluna.it\/news\/wp-content\/uploads\/2026\/02\/banner-aprile-icar-new-life-auto-usate-latina.gif\" alt=\"\"  width=\"300\" height=\"250\"   \/><\/a><\/div><\/div>","protected":false},"excerpt":{"rendered":"<p>LATINA &#8211;\u00a0Alcuni dei &#8220;segni particolari&#8221; che contraddistinguono l&#8217;esclusivit\u00e0 della tienda pi\u00f9 cool dell&#8217;isola che non c&#8217;\u00e8. \u00a0Eppure lui l&#8217;ha trovata &#8230; con tutta la sua effervescente energia e brillante creativit\u00e0! Questa \u00e8 l&#8217;atmosfera paradisiaca che si respira all&#8217;interno del concept store &#8220;TLOVE FORMENTERA&#8221;. &#8220;Un punto di ritrovo per chi vuol dirsi qualcosa dipingendo &#8220;, dice [&hellip;]<\/p>\n","protected":false},"author":60,"featured_media":176356,"comment_status":"open","ping_status":"closed","sticky":false,"template":"","format":"standard","meta":{"footnotes":""},"categories":[735],"tags":[],"class_list":["post-177808","post","type-post","status-publish","format-standard","has-post-thumbnail","hentry","category-attualita"],"_links":{"self":[{"href":"https:\/\/www.radioluna.it\/news\/wp-json\/wp\/v2\/posts\/177808","targetHints":{"allow":["GET"]}}],"collection":[{"href":"https:\/\/www.radioluna.it\/news\/wp-json\/wp\/v2\/posts"}],"about":[{"href":"https:\/\/www.radioluna.it\/news\/wp-json\/wp\/v2\/types\/post"}],"author":[{"embeddable":true,"href":"https:\/\/www.radioluna.it\/news\/wp-json\/wp\/v2\/users\/60"}],"replies":[{"embeddable":true,"href":"https:\/\/www.radioluna.it\/news\/wp-json\/wp\/v2\/comments?post=177808"}],"version-history":[{"count":0,"href":"https:\/\/www.radioluna.it\/news\/wp-json\/wp\/v2\/posts\/177808\/revisions"}],"wp:featuredmedia":[{"embeddable":true,"href":"https:\/\/www.radioluna.it\/news\/wp-json\/wp\/v2\/media\/176356"}],"wp:attachment":[{"href":"https:\/\/www.radioluna.it\/news\/wp-json\/wp\/v2\/media?parent=177808"}],"wp:term":[{"taxonomy":"category","embeddable":true,"href":"https:\/\/www.radioluna.it\/news\/wp-json\/wp\/v2\/categories?post=177808"},{"taxonomy":"post_tag","embeddable":true,"href":"https:\/\/www.radioluna.it\/news\/wp-json\/wp\/v2\/tags?post=177808"}],"curies":[{"name":"wp","href":"https:\/\/api.w.org\/{rel}","templated":true}]}}