{"id":177844,"date":"2016-05-14T09:49:44","date_gmt":"2016-05-14T07:49:44","guid":{"rendered":"http:\/\/www.radioluna.it\/news\/?p=177844"},"modified":"2016-05-14T09:49:44","modified_gmt":"2016-05-14T07:49:44","slug":"pino-bicchielli-tour-elettorale-a-latina","status":"publish","type":"post","link":"https:\/\/www.radioluna.it\/news\/2016\/05\/pino-bicchielli-tour-elettorale-a-latina\/","title":{"rendered":"Pino Bicchielli, tour elettorale a Latina"},"content":{"rendered":"<div id=\"fb-root\"><\/div>\n<p style=\"text-align: justify;\"><strong><a href=\"http:\/\/www.radioluna.it\/news\/wp-content\/uploads\/2016\/05\/Bicchielli-best-467x240.jpg\"><img loading=\"lazy\" decoding=\"async\" class=\"aligncenter size-full wp-image-177845\" src=\"http:\/\/www.radioluna.it\/news\/wp-content\/uploads\/2016\/05\/Bicchielli-best-467x240.jpg\" alt=\"Bicchielli-best-467x240\" width=\"467\" height=\"240\" \/><\/a>LATINA &#8211;<\/strong> Pino Bicchielli, coordinatore Nazionale degli Enti Locali di Italia Unica, il partito guidato a livello nazionale da Corrado Passera, sar\u00e0 a Latina sabato 14 e domenica 15 per incontrare gli elettori insieme a Sabrina Marangon , coordinatrice provinciale di Italia Unica e Stefano Cardillo, compente dei giovani di Idea il movimento politico guidato a livello nazionale dal Sen. Gaetano Quagliariello, ambedue candidati al consiglio comunale nella lista civica CuorItaliani .<br \/>\nIl tour far\u00e0 le seguenti tappe a:<br \/>\nSabato : ore 19,00 Latina corso Matteotti ad un incontro culturale presso il point elettorale di Stefano Cardillo con Sabrina Marangon ; dalle ore 20,30 aperitivo e cena e dopo cena in zona Pub a Latina<br \/>\nDomenica : mattinata di incontri con residenti , imprenditori e associazioni di Borgo Grappa organizzati da Sabrina Marangon e Stefano Cardillo ; ore 12,30 aperitivo , interverr\u00e0 il candidato Sindaco Nicola Calandrini e incontro con imprenditori del settore turismo e agricoltura e professionisti ; ore 13,30 pranzo con operatori del settore turismo ; dalle ore 17,30 visita della Citt\u00e0.<br \/>\nSono lieto \u2013 dichiara in una nota Pino Bicchielli &#8211; di venire a Latina, una Citt\u00e0 cos\u00ec giovane eppure cos\u00ec ricca di storia , con cos\u00ec tanta giovent\u00f9 , tanta vivacit\u00e0 di imprenditori e professionisti davvero per bene , e poter dare il sostegno politico di Italia Unica al buon esito di queste elezioni , ascoltando le istanze della Citt\u00e0 per rafforzarLe nei nostri progetti nazionali.<br \/>\nIn pochi mesi da quando guida il partito a livello provinciale, Sabrina Marangon ha saputo trasmettere in pochi mesi a tutta la dirigenza nazionale di IU il grande entusiasmo che la anima per la sua Citt\u00e0 e ora ci sentiamo di sposare la Causa di Latina per riportarLa al centro dell\u2019economia del Lazio, un impegno che sicuramente Italia Unica si prende da oggi e per l\u2019avvenire.<br \/>\nSono onorata ed orgogliosa per questa visita &#8211; conclude la Marangon \u2013 Pino Bicchielli \u00e8 un Politico che mette il cuore in ci\u00f2 che fa e sapere di poterlo \u201c adottare\u201d per Latina rafforza ancora di pi\u00f9, la fiducia che ho riposto in Italia Unica.<br \/>\nQuesta sar\u00e0 solo la prima tappa del suo tour e non mancheranno anche altre tappe .<\/p>\n","protected":false},"excerpt":{"rendered":"<p>LATINA &#8211; Pino Bicchielli, coordinatore Nazionale degli Enti Locali di Italia Unica, il partito guidato a livello nazionale da Corrado Passera, sar\u00e0 a Latina sabato 14 e domenica 15 per incontrare gli elettori insieme a Sabrina Marangon , coordinatrice provinciale di Italia Unica e Stefano Cardillo, compente dei giovani di Idea il movimento politico guidato [&hellip;]<\/p>\n","protected":false},"author":60,"featured_media":0,"comment_status":"open","ping_status":"closed","sticky":false,"template":"","format":"standard","meta":{"footnotes":""},"categories":[8],"tags":[],"class_list":["post-177844","post","type-post","status-publish","format-standard","hentry","category-politica"],"_links":{"self":[{"href":"https:\/\/www.radioluna.it\/news\/wp-json\/wp\/v2\/posts\/177844","targetHints":{"allow":["GET"]}}],"collection":[{"href":"https:\/\/www.radioluna.it\/news\/wp-json\/wp\/v2\/posts"}],"about":[{"href":"https:\/\/www.radioluna.it\/news\/wp-json\/wp\/v2\/types\/post"}],"author":[{"embeddable":true,"href":"https:\/\/www.radioluna.it\/news\/wp-json\/wp\/v2\/users\/60"}],"replies":[{"embeddable":true,"href":"https:\/\/www.radioluna.it\/news\/wp-json\/wp\/v2\/comments?post=177844"}],"version-history":[{"count":0,"href":"https:\/\/www.radioluna.it\/news\/wp-json\/wp\/v2\/posts\/177844\/revisions"}],"wp:attachment":[{"href":"https:\/\/www.radioluna.it\/news\/wp-json\/wp\/v2\/media?parent=177844"}],"wp:term":[{"taxonomy":"category","embeddable":true,"href":"https:\/\/www.radioluna.it\/news\/wp-json\/wp\/v2\/categories?post=177844"},{"taxonomy":"post_tag","embeddable":true,"href":"https:\/\/www.radioluna.it\/news\/wp-json\/wp\/v2\/tags?post=177844"}],"curies":[{"name":"wp","href":"https:\/\/api.w.org\/{rel}","templated":true}]}}