{"id":177846,"date":"2016-05-14T09:56:30","date_gmt":"2016-05-14T07:56:30","guid":{"rendered":"http:\/\/www.radioluna.it\/news\/?p=177846"},"modified":"2016-05-14T09:56:30","modified_gmt":"2016-05-14T07:56:30","slug":"mastrantoni-e-rachele-riappropriamoci-di-latina","status":"publish","type":"post","link":"https:\/\/www.radioluna.it\/news\/2016\/05\/mastrantoni-e-rachele-riappropriamoci-di-latina\/","title":{"rendered":"Mastrantoni e Rachele: &#8220;Riappropriamoci di Latina&#8221;"},"content":{"rendered":"<div id=\"fb-root\"><\/div>\n<p style=\"text-align: justify;\"><strong><a href=\"http:\/\/www.radioluna.it\/news\/wp-content\/uploads\/2016\/05\/forte-mastrantoni-rachele.jpg\"><img loading=\"lazy\" decoding=\"async\" class=\"aligncenter size-thumbnail wp-image-177847\" src=\"http:\/\/www.radioluna.it\/news\/wp-content\/uploads\/2016\/05\/forte-mastrantoni-rachele-689x509.jpg\" alt=\"forte, mastrantoni, rachele\" width=\"689\" height=\"509\" \/><\/a>LATINA &#8211;<\/strong> I candidati della Lista Enrico Forte sindaco continuano ad impegnarsi quotidianamente nella campagna elettorale a sostegno di Enrico Forte. Ornella Mastrantoni e Mino Rachele hanno incontrato simpatizzanti ed elettori esponendo il senso della della loro corsa in vista delle elezioni comunali.<br \/>\n\u00abA correre ci spinge un principio fondamentale: cambiare la citt\u00e0 si pu\u00f2, e con Enrico Forte siamo certi che sar\u00e0 cos\u00ec. Si pu\u00f2 disegnare una Latina sostenibile ed a misura d\u2019uomo, dove il trasporto pubblico funzioni, dove le esigenze del cittadino siano al centro della programmazione infrastrutturale. Dove sia possibile tornare a vivere lo spazio cittadino senza compromessi di nessun genere, rivalutare le zone verdi, i locali comunali. Insomma, agganciare lo sviluppo di Latina ad un futuro migliore. Il momento politico che stiamo vivendo diffonde timore nelle coscienze dei cittadini: si percepisce un forte sensazione di smarrimento. A livello nazionale continuiamo ad assistere al solito teatrino di quattro politicanti che ormai non hanno pi\u00f9 contenuti e valori da offrire. A livello locale &#8211; ricordano Rachele e Mastrantoni &#8211; la vecchia maggioranza ha completamente fallito: basti pensare ai recenti casi giudiziari, anzi, sarebbe meglio creare una nuova categoria: casi politico-giudiziari. Bisogna tornare a credere nelle persone e nei valori sociali che rappresentano. Ci dobbiamo focalizzare sui progetti e dobbiamo lasciare da parte le ideologie che troppo spesso sono state usate come un azzardo per raggiungere i propri interessi e non quelli della collettivit\u00e0\u00bb.<\/p>\n<p style=\"text-align: justify;\">Ornella Mastrantoni \u00e8 insegnante di liceo scientifico, da sempre impegnata nel sociale e volontariato nei piccoli centri come Prossedi (dove \u00e8 stata consigliere comunale) e Pisterzo.<br \/>\n\u00abVoglio riportare la politica al centro dell\u2019interesse collettivo &#8211; ha detto Mastrantoni &#8211; come avviene nei piccoli centri dove si percepisce maggiormente il rispetto della \u2018cosa pubblica\u2019 combattendo i giochi di palazzo e di potere\u00bb.<\/p>\n<p style=\"text-align: justify;\">Mino Rachele \u00e8 medico pediatra. \u00abHo dedicato parte dell&#8217;attivit\u00e0 ad impegni istituzionali, alla ricerca ed alla formazione continua finalizzata al raggiungimento di specifiche competenze in ambito subspecialistico. Dal 2011 sono Consigliere dell\u2019Ordine dei Medici della Provincia di Latina. Nel febbraio 2016 mi \u00e8 stato conferito l\u2019incarico di referente Nazionale Fimp (Federazione Italiana Medici Pediatri) per un Progetto Europeo sull\u2019Autismo, coordinato, in Italia, dal Ministero della Salute e dall\u2019Istituto Superiore di Sanit\u00e0\u00bb.<\/p>\n","protected":false},"excerpt":{"rendered":"<p>LATINA &#8211; I candidati della Lista Enrico Forte sindaco continuano ad impegnarsi quotidianamente nella campagna elettorale a sostegno di Enrico Forte. Ornella Mastrantoni e Mino Rachele hanno incontrato simpatizzanti ed elettori esponendo il senso della della loro corsa in vista delle elezioni comunali. \u00abA correre ci spinge un principio fondamentale: cambiare la citt\u00e0 si pu\u00f2, [&hellip;]<\/p>\n","protected":false},"author":60,"featured_media":0,"comment_status":"open","ping_status":"closed","sticky":false,"template":"","format":"standard","meta":{"footnotes":""},"categories":[8],"tags":[],"class_list":["post-177846","post","type-post","status-publish","format-standard","hentry","category-politica"],"_links":{"self":[{"href":"https:\/\/www.radioluna.it\/news\/wp-json\/wp\/v2\/posts\/177846","targetHints":{"allow":["GET"]}}],"collection":[{"href":"https:\/\/www.radioluna.it\/news\/wp-json\/wp\/v2\/posts"}],"about":[{"href":"https:\/\/www.radioluna.it\/news\/wp-json\/wp\/v2\/types\/post"}],"author":[{"embeddable":true,"href":"https:\/\/www.radioluna.it\/news\/wp-json\/wp\/v2\/users\/60"}],"replies":[{"embeddable":true,"href":"https:\/\/www.radioluna.it\/news\/wp-json\/wp\/v2\/comments?post=177846"}],"version-history":[{"count":0,"href":"https:\/\/www.radioluna.it\/news\/wp-json\/wp\/v2\/posts\/177846\/revisions"}],"wp:attachment":[{"href":"https:\/\/www.radioluna.it\/news\/wp-json\/wp\/v2\/media?parent=177846"}],"wp:term":[{"taxonomy":"category","embeddable":true,"href":"https:\/\/www.radioluna.it\/news\/wp-json\/wp\/v2\/categories?post=177846"},{"taxonomy":"post_tag","embeddable":true,"href":"https:\/\/www.radioluna.it\/news\/wp-json\/wp\/v2\/tags?post=177846"}],"curies":[{"name":"wp","href":"https:\/\/api.w.org\/{rel}","templated":true}]}}