{"id":177848,"date":"2016-05-14T10:04:24","date_gmt":"2016-05-14T08:04:24","guid":{"rendered":"http:\/\/www.radioluna.it\/news\/?p=177848"},"modified":"2016-05-14T10:04:24","modified_gmt":"2016-05-14T08:04:24","slug":"la-cultura-nel-programma-di-nicola-calandrini","status":"publish","type":"post","link":"https:\/\/www.radioluna.it\/news\/2016\/05\/la-cultura-nel-programma-di-nicola-calandrini\/","title":{"rendered":"La Cultura nel programma di Nicola Calandrini"},"content":{"rendered":"<div id=\"fb-root\"><\/div>\n<p class=\"\">\n<p class=\"\" style=\"text-align: justify;\"><strong><a href=\"http:\/\/www.radioluna.it\/news\/wp-content\/uploads\/2011\/12\/cALANDRINI-2.jpg\"><img loading=\"lazy\" decoding=\"async\" class=\"aligncenter wp-image-112832 size-full\" src=\"http:\/\/www.radioluna.it\/news\/wp-content\/uploads\/2011\/12\/cALANDRINI-2.jpg\" alt=\"cALANDRINI-2\" width=\"640\" height=\"480\" srcset=\"https:\/\/www.radioluna.it\/news\/wp-content\/uploads\/2011\/12\/cALANDRINI-2.jpg 640w, https:\/\/www.radioluna.it\/news\/wp-content\/uploads\/2011\/12\/cALANDRINI-2-300x225.jpg 300w, https:\/\/www.radioluna.it\/news\/wp-content\/uploads\/2011\/12\/cALANDRINI-2-500x375.jpg 500w\" sizes=\"auto, (max-width: 640px) 100vw, 640px\" \/><\/a>LATINA &#8211;<\/strong> La\u00a0cultura\u00a0a Latina deve ripartire dal centro, dalle radici storiche e dagli edifici di Fondazione della citt\u00e0. E\u2019 il punto di partenza nel percorso di rilancio che intende intraprendere il candidato sindaco del centrodestra, Nicola Calandrini.<\/p>\n<p class=\"\" style=\"text-align: justify;\">\u201cIntendo promuovere una cultura alla portata di tutti e che ha come obiettivo il coinvolgimento dei cittadini. Una cultura fatta di interazione, nell\u2019organizzazione di eventi come nella realizzazione di iniziative finalizzate alla riscoperta e alla valorizzazione del nostro territorio. Penso per esempio all\u2019enorme potenzialit\u00e0 rappresentata dalle scuole, dai licei, in particolare quello artistico, dall\u2019universit\u00e0. Ed \u00e8 per questo che immagino questi luoghi come scenari\u00a0 e gli studenti come autori e protagonisti di eventi artistici. Soltanto cos\u00ec la cultura sar\u00e0 di tutti e far\u00e0 crescere la nostra citt\u00e0.\u201d<\/p>\n<p class=\"\" style=\"text-align: justify;\">Nel suo programma elettorale Calandrini prevede di creare un polo culturale che avr\u00e0 come fulcro \u201cil teatro D\u2019Annunzio, una struttura da recuperare senza quelle limitazioni previste dall\u2019intervento messo in atto dalla gestione commissariale. L\u2019edificio, inoltre, dovr\u00e0 essere collegato ad altre strutture cittadine: il Conservatorio \u201cRespighi\u201d, per esempio, andrebbe trasferito negli spazi dell\u2019ex Consorzio Agrario, attualmente sede del mercato annonario che dovr\u00e0 tornare nel suo luogo originario, lo stabile di via Don Morosini, adeguatamente riqualificato\u201d.<\/p>\n<p class=\"\" style=\"text-align: justify;\">Il candidato del centrodestra di Latina punter\u00e0 poi sull\u2019associazionismo per coinvolgere le periferie in una rete comunale formata da pi\u00f9 componenti: \u201cL\u2019intenzione \u00e8 quella di attivare una banca dati del mondo della\u00a0cultura\u00a0e dell\u2019arte, che possa diventare un supporto logistico e uno strumento in grado di raccordare iniziative e proposte. E a proposito di \u201crete\u201d, lavoreremmo su un sistema di biblioteche collegate tra loro e dotate di un\u2019organizzazione centrale per una serie di servizi comuni. Nei borghi e nei quartieri, inoltre, sar\u00e0 di prioritaria importanza la creazione di spazi aggregativi per promuovere approfondimenti, momenti di lettura e intrattenimento di qualit\u00e0. Anche nel centro storico e nella stessa Ztl, a tal proposito, si potranno individuare attraverso un apposito calendario dei luoghi di riferimento fissi da mettere a disposizione delle associazioni. Sarebbe un\u2019opportunit\u00e0 per proporre a costo zero cultura, arte, musica e per consentire alle varie realt\u00e0 di farsi conoscere ed ascoltare potendo contare su un legame diretto con il Comune. Da Latina partirebbe poi una sinergia con i paesi limitrofi, per rendere il capoluogo riferimento principale di un sistema pi\u00f9 vasto che comprenda altra storia e altra cultura\u201d. Cultura nel territorio e il territorio fonte di cultura.<\/p>\n","protected":false},"excerpt":{"rendered":"<p>LATINA &#8211; La\u00a0cultura\u00a0a Latina deve ripartire dal centro, dalle radici storiche e dagli edifici di Fondazione della citt\u00e0. E\u2019 il punto di partenza nel percorso di rilancio che intende intraprendere il candidato sindaco del centrodestra, Nicola Calandrini. \u201cIntendo promuovere una cultura alla portata di tutti e che ha come obiettivo il coinvolgimento dei cittadini. Una [&hellip;]<\/p>\n","protected":false},"author":60,"featured_media":112832,"comment_status":"open","ping_status":"closed","sticky":false,"template":"","format":"standard","meta":{"footnotes":""},"categories":[8],"tags":[],"class_list":["post-177848","post","type-post","status-publish","format-standard","has-post-thumbnail","hentry","category-politica"],"_links":{"self":[{"href":"https:\/\/www.radioluna.it\/news\/wp-json\/wp\/v2\/posts\/177848","targetHints":{"allow":["GET"]}}],"collection":[{"href":"https:\/\/www.radioluna.it\/news\/wp-json\/wp\/v2\/posts"}],"about":[{"href":"https:\/\/www.radioluna.it\/news\/wp-json\/wp\/v2\/types\/post"}],"author":[{"embeddable":true,"href":"https:\/\/www.radioluna.it\/news\/wp-json\/wp\/v2\/users\/60"}],"replies":[{"embeddable":true,"href":"https:\/\/www.radioluna.it\/news\/wp-json\/wp\/v2\/comments?post=177848"}],"version-history":[{"count":0,"href":"https:\/\/www.radioluna.it\/news\/wp-json\/wp\/v2\/posts\/177848\/revisions"}],"wp:featuredmedia":[{"embeddable":true,"href":"https:\/\/www.radioluna.it\/news\/wp-json\/wp\/v2\/media\/112832"}],"wp:attachment":[{"href":"https:\/\/www.radioluna.it\/news\/wp-json\/wp\/v2\/media?parent=177848"}],"wp:term":[{"taxonomy":"category","embeddable":true,"href":"https:\/\/www.radioluna.it\/news\/wp-json\/wp\/v2\/categories?post=177848"},{"taxonomy":"post_tag","embeddable":true,"href":"https:\/\/www.radioluna.it\/news\/wp-json\/wp\/v2\/tags?post=177848"}],"curies":[{"name":"wp","href":"https:\/\/api.w.org\/{rel}","templated":true}]}}