{"id":177849,"date":"2016-05-14T10:07:10","date_gmt":"2016-05-14T08:07:10","guid":{"rendered":"http:\/\/www.radioluna.it\/news\/?p=177849"},"modified":"2016-05-14T10:07:10","modified_gmt":"2016-05-14T08:07:10","slug":"calvi-la-biblioteca-multimediale-e-il-mio-regalo-alla-citta","status":"publish","type":"post","link":"https:\/\/www.radioluna.it\/news\/2016\/05\/calvi-la-biblioteca-multimediale-e-il-mio-regalo-alla-citta\/","title":{"rendered":"Calvi: &#8220;La biblioteca multimediale \u00e8 il mio regalo alla citt\u00e0&#8221;"},"content":{"rendered":"<div id=\"fb-root\"><\/div>\n<p style=\"text-align: justify;\"><strong><a href=\"http:\/\/www.radioluna.it\/news\/wp-content\/uploads\/2016\/04\/calvi.jpg\"><img loading=\"lazy\" decoding=\"async\" class=\"aligncenter size-thumbnail wp-image-176606\" src=\"http:\/\/www.radioluna.it\/news\/wp-content\/uploads\/2016\/04\/calvi-689x1036.jpg\" alt=\"calvi\" width=\"689\" height=\"1036\" srcset=\"https:\/\/www.radioluna.it\/news\/wp-content\/uploads\/2016\/04\/calvi-689x1036.jpg 689w, https:\/\/www.radioluna.it\/news\/wp-content\/uploads\/2016\/04\/calvi-768x1155.jpg 768w, https:\/\/www.radioluna.it\/news\/wp-content\/uploads\/2016\/04\/calvi-500x752.jpg 500w, https:\/\/www.radioluna.it\/news\/wp-content\/uploads\/2016\/04\/calvi-200x300.jpg 200w, https:\/\/www.radioluna.it\/news\/wp-content\/uploads\/2016\/04\/calvi-681x1024.jpg 681w, https:\/\/www.radioluna.it\/news\/wp-content\/uploads\/2016\/04\/calvi-800x1203.jpg 800w, https:\/\/www.radioluna.it\/news\/wp-content\/uploads\/2016\/04\/calvi-300x451.jpg 300w, https:\/\/www.radioluna.it\/news\/wp-content\/uploads\/2016\/04\/calvi.jpg 1000w\" sizes=\"auto, (max-width: 689px) 100vw, 689px\" \/><\/a>LATINA &#8211;<\/strong> &#8220;Voglio lasciare un segno importante nella mia citt\u00e0 e per la mia citt\u00e0. La volont\u00e0 \u00e8 quella di realizzare la grande biblioteca comunale multimediale presso l\u2019area del mercato annonario. Da mesi ormai parliamo di questo grande progetto, inserito tra i primi punti del programma elettorale\u00a0\u2013 ha assicurato il candidato sindaco di Forza Italia, Alessandro Calvi -. Si tratta di un&#8217;opera pubblica di importanza fondamentale per i giovani e tutta la popolazione. E\u2019 dai tempi di Corona e Redi che a Latina non vi \u00e8 traccia di una grande opera pubblica. L\u2019ultima volta fu il Palazzo della Cultura e adesso sentiamo la necessit\u00e0 di fare un regalo al nostro territorio, in pieno centro.<br \/>\nLa struttura attuale di Piazza del Popolo \u00e8 troppo piccola e ormai superata. C\u2019\u00e8 la corsa al posto per potersi sedere e studiare, un fatto inaccettabile per una citt\u00e0 come la nostra, che vanta diverse facolt\u00e0 universitarie e un numero elevato di studenti.<\/p>\n<p style=\"text-align: justify;\">L&#8217;imperativo, quindi, \u00e8 creare un edifico completamente nuovo e per biblioteca multimediale intendiamo un ambiente urbano di aggregazione sociale, uno spazio pubblico attrezzato per incontrarsi, studiare, comunicare e consolidare quel senso di appartenenza che \u00e8 un elemento irrinunciabile per identificare e mantenere unita la collettivit\u00e0.\u00a0Uno spazio su due piani, innovativo, all\u2019avanguardia, una struttura che risponde a pieno alle esigenze di riqualificazione urbana e sociale, una attrazione, il motivo per far vivere veramente la citt\u00e0 ai nostri studenti, che avranno cos\u00ec una giusta ragione per non scappare da Latina, divenuta oramai citt\u00e0 universitaria a tutti gli effetti.<br \/>\nQuesto sar\u00e0 il mio atto d\u2019amore per Latina, un sogno che diventer\u00e0 finalmente realt\u00e0.<\/p>\n<p style=\"text-align: justify;\">La biblioteca, quindi, non sar\u00e0 solo un magazzino di libri ordinato per argomenti e un luogo di conservazione e promozione della cultura, ma anche un laboratorio di informazione, creativit\u00e0, scambio di idee, una porta d\u2019accesso e uno strumento d\u2019orientamento nell\u2019universo multimediale. Uno spazio visto non pi\u00f9 come istituzione indipendente e statica, bens\u00ec come elemento dinamico a servizio dell\u2019intera comunit\u00e0. Si programmeranno orari di apertura notturni, come nei pi\u00f9 prestigiosi centri culturali mondiali, con l\u2019obiettivo di tenerla sempre attiva e in funzione. Negli spazi sotterranei saranno ricavati numerosi parcheggi, in modo da rendere pi\u00f9 facile e veloce l\u2019accesso in Biblioteca<\/p>\n<p>Latina, citt\u00e0 di giovani e di talenti, merita un\u2019opera di questa portata. E noi gliela daremo&#8221;.<\/p>\n<p>La ha reso noto il candidato sindaco di Forza Italia, Alessandro Calvi<\/p>\n","protected":false},"excerpt":{"rendered":"<p>LATINA &#8211; &#8220;Voglio lasciare un segno importante nella mia citt\u00e0 e per la mia citt\u00e0. La volont\u00e0 \u00e8 quella di realizzare la grande biblioteca comunale multimediale presso l\u2019area del mercato annonario. Da mesi ormai parliamo di questo grande progetto, inserito tra i primi punti del programma elettorale\u00a0\u2013 ha assicurato il candidato sindaco di Forza Italia, [&hellip;]<\/p>\n","protected":false},"author":60,"featured_media":176606,"comment_status":"open","ping_status":"closed","sticky":false,"template":"","format":"standard","meta":{"footnotes":""},"categories":[8],"tags":[],"class_list":["post-177849","post","type-post","status-publish","format-standard","has-post-thumbnail","hentry","category-politica"],"_links":{"self":[{"href":"https:\/\/www.radioluna.it\/news\/wp-json\/wp\/v2\/posts\/177849","targetHints":{"allow":["GET"]}}],"collection":[{"href":"https:\/\/www.radioluna.it\/news\/wp-json\/wp\/v2\/posts"}],"about":[{"href":"https:\/\/www.radioluna.it\/news\/wp-json\/wp\/v2\/types\/post"}],"author":[{"embeddable":true,"href":"https:\/\/www.radioluna.it\/news\/wp-json\/wp\/v2\/users\/60"}],"replies":[{"embeddable":true,"href":"https:\/\/www.radioluna.it\/news\/wp-json\/wp\/v2\/comments?post=177849"}],"version-history":[{"count":0,"href":"https:\/\/www.radioluna.it\/news\/wp-json\/wp\/v2\/posts\/177849\/revisions"}],"wp:featuredmedia":[{"embeddable":true,"href":"https:\/\/www.radioluna.it\/news\/wp-json\/wp\/v2\/media\/176606"}],"wp:attachment":[{"href":"https:\/\/www.radioluna.it\/news\/wp-json\/wp\/v2\/media?parent=177849"}],"wp:term":[{"taxonomy":"category","embeddable":true,"href":"https:\/\/www.radioluna.it\/news\/wp-json\/wp\/v2\/categories?post=177849"},{"taxonomy":"post_tag","embeddable":true,"href":"https:\/\/www.radioluna.it\/news\/wp-json\/wp\/v2\/tags?post=177849"}],"curies":[{"name":"wp","href":"https:\/\/api.w.org\/{rel}","templated":true}]}}