{"id":177855,"date":"2016-05-14T11:58:46","date_gmt":"2016-05-14T09:58:46","guid":{"rendered":"http:\/\/www.radioluna.it\/news\/?p=177855"},"modified":"2016-05-14T11:58:46","modified_gmt":"2016-05-14T09:58:46","slug":"nuova-sede-per-ludc","status":"publish","type":"post","link":"https:\/\/www.radioluna.it\/news\/2016\/05\/nuova-sede-per-ludc\/","title":{"rendered":"Nuova sede per l&#8217;Udc"},"content":{"rendered":"<div id=\"fb-root\"><\/div>\n<p style=\"text-align: justify;\"><strong><a href=\"http:\/\/www.radioluna.it\/news\/wp-content\/uploads\/2016\/05\/UDC.jpg\"><img loading=\"lazy\" decoding=\"async\" class=\"aligncenter size-thumbnail wp-image-177856\" src=\"http:\/\/www.radioluna.it\/news\/wp-content\/uploads\/2016\/05\/UDC-689x517.jpg\" alt=\"UDC\" width=\"689\" height=\"517\" \/><\/a>LATINA &#8211;<\/strong> Un luogo di incontro e di confronto per sostenere la campagna elettorale. Aperta in via Gioberti n.2, accanto all\u2019istituto scolastico Vittorio Veneto, la nuova sede inaugurata venerd\u00ec dai candidati indipendenti dell\u2019Udc nella lista Nicola Calandrini Sindaco sar\u00e0 la base operativa dell\u2019area moderata guidata dal Senatore Michele Forte.<br \/>\n\u201cCon l\u2019apertura della nostra nuova sede in via Gioberti \u2013 affermano in una nota i candidati Gianluca Trezza, Antonio Capozzi, Giuseppe D\u2019Angelo, Claudia Altobello e Simona Mul\u00e8 \u2013 il nostro gruppo entra nel vivo della competizione elettorale e offre un nuovo punto di ritrovo alla citt\u00e0, sar\u00e0 un\u2019occasione per permetterci di confrontarci e far conoscere il nostro programma alla citt\u00e0\u201d.<br \/>\n\u201cLe nostre candidature all\u2019interno della lista di appoggio al sindaco \u2013 aggiungono \u2013 costituiscono un valore aggiunto nel centrodestra partecipato consacrato dalle primarie di marzo. Siamo le sentinelle della sovranit\u00e0 del cittadino. Operiamo da tempo, nei quartieri, fra le persone, con la concretezza e la schiettezza che ci distinguono. Conosciamo la citt\u00e0 e il funzionamento della macchina amministrativa: oggi il rischio maggiore per Latina \u00e8 quello di scambiare il necessario e non pi\u00f9 rinviabile ricambio in Consiglio comunale con un salto nel buio e nell\u2019improvvisazione. Latina \u00e8 una citt\u00e0 investita da molteplici criticit\u00e0 che necessita di persone nuove ma anche preparate da una lungo impegno sul territorio\u201d.<br \/>\n\u201cCome indipendenti dell\u2019Udc intendiamo dare rappresentanza all\u2019area moderata e ai valori del popolarismo all\u2019interno di un nuovo centrodestra, in cui dovranno primeggiare sempre i valori umanistici e democratici fondamenta della civilt\u00e0 europea. L\u2019apertura della nostra sede \u2013 concludono \u2013 sar\u00e0 soprattutto l\u2019occasione per illustrare ai cittadini, oltre alle nostre figure, le proposte e il programma con cui Calandrini, che ha aperto a molte delle nostre istanze, andr\u00e0 a risollevare Latina nel corso della prossima Amministrazione.\u201d<\/p>\n","protected":false},"excerpt":{"rendered":"<p>LATINA &#8211; Un luogo di incontro e di confronto per sostenere la campagna elettorale. Aperta in via Gioberti n.2, accanto all\u2019istituto scolastico Vittorio Veneto, la nuova sede inaugurata venerd\u00ec dai candidati indipendenti dell\u2019Udc nella lista Nicola Calandrini Sindaco sar\u00e0 la base operativa dell\u2019area moderata guidata dal Senatore Michele Forte. \u201cCon l\u2019apertura della nostra nuova sede [&hellip;]<\/p>\n","protected":false},"author":60,"featured_media":0,"comment_status":"open","ping_status":"closed","sticky":false,"template":"","format":"standard","meta":{"footnotes":""},"categories":[8],"tags":[],"class_list":["post-177855","post","type-post","status-publish","format-standard","hentry","category-politica"],"_links":{"self":[{"href":"https:\/\/www.radioluna.it\/news\/wp-json\/wp\/v2\/posts\/177855","targetHints":{"allow":["GET"]}}],"collection":[{"href":"https:\/\/www.radioluna.it\/news\/wp-json\/wp\/v2\/posts"}],"about":[{"href":"https:\/\/www.radioluna.it\/news\/wp-json\/wp\/v2\/types\/post"}],"author":[{"embeddable":true,"href":"https:\/\/www.radioluna.it\/news\/wp-json\/wp\/v2\/users\/60"}],"replies":[{"embeddable":true,"href":"https:\/\/www.radioluna.it\/news\/wp-json\/wp\/v2\/comments?post=177855"}],"version-history":[{"count":0,"href":"https:\/\/www.radioluna.it\/news\/wp-json\/wp\/v2\/posts\/177855\/revisions"}],"wp:attachment":[{"href":"https:\/\/www.radioluna.it\/news\/wp-json\/wp\/v2\/media?parent=177855"}],"wp:term":[{"taxonomy":"category","embeddable":true,"href":"https:\/\/www.radioluna.it\/news\/wp-json\/wp\/v2\/categories?post=177855"},{"taxonomy":"post_tag","embeddable":true,"href":"https:\/\/www.radioluna.it\/news\/wp-json\/wp\/v2\/tags?post=177855"}],"curies":[{"name":"wp","href":"https:\/\/api.w.org\/{rel}","templated":true}]}}