{"id":177908,"date":"2016-05-16T16:24:27","date_gmt":"2016-05-16T14:24:27","guid":{"rendered":"http:\/\/www.radioluna.it\/news\/?p=177908"},"modified":"2016-05-16T16:24:27","modified_gmt":"2016-05-16T14:24:27","slug":"patrizia-e-andrea-fanti-il-mercato-annonario-sia-luogo-di-aggregazione","status":"publish","type":"post","link":"https:\/\/www.radioluna.it\/news\/2016\/05\/patrizia-e-andrea-fanti-il-mercato-annonario-sia-luogo-di-aggregazione\/","title":{"rendered":"Patrizia e Andrea Fanti: &#8220;Il mercato annonario sia luogo di aggregazione&#8221;"},"content":{"rendered":"<div id=\"fb-root\"><\/div>\n<p style=\"text-align: justify;\"><strong><a href=\"http:\/\/www.radioluna.it\/news\/wp-content\/uploads\/2016\/05\/Patrizia-Fanti-2016.jpg\"><img loading=\"lazy\" decoding=\"async\" class=\"aligncenter size-full wp-image-177909\" src=\"http:\/\/www.radioluna.it\/news\/wp-content\/uploads\/2016\/05\/Patrizia-Fanti-2016.jpg\" alt=\"Patrizia Fanti 2016\" width=\"500\" height=\"714\" \/><\/a>LATINA &#8211;<\/strong> Patrizia e Andrea Fanti, candidati al Consiglio comunale nella lista Cuori Italiani per Nicola Calandrini sindaco, affrontano il tema del recupero del mercato annonario, sia della struttura sia della sua vocazione a diventare centro di aggregazione sociale e di valorizzazione dei prodotti locali.<br \/>\n\u201c\u00c8 ormai imminente l&#8217;inizio dei lavori per la messa in sicurezza del mercato annonario di via don Morosini: \u00e8 terminato infatti l&#8217;iter per l&#8217;aggiudicazione e l&#8217;assegnazione dei lavori &#8211; spiega l&#8217;Architetto Patrizia Fanti. \u00c8 il primo passo per restituire in tempi brevi alla Citt\u00e0 la struttura che \u00e8 di per s\u00e9 portatrice di storia collettiva , che ha avuto e deve continuare ad avere un ruolo importante per la vivacit\u00e0 commerciale del centro storico. Il mercato torner\u00e0 con una interpretazione diversa che terr\u00e0 conto non solo delle esigenze degli esercenti storici, ma che potr\u00e0 anche soddisfare la necessit\u00e0 dei produttori agricoli di Latina di commercializzare direttamente i propri prodotti oggi esportati nel mondo. Il mercato rivisitato in un&#8217;ottica moderna al pari di altri mercati delle grandi citt\u00e0 italiane ed europee, dovr\u00e0 prevedere punti di ristoro dove saranno serviti pasti con l&#8217;utilizzo dei prodotti della nostra terra riscoprendo antiche ricette del nostro territorio che potranno essere degustate, unitamente ai vini locali, anche nelle ore serali in un contesto ricco di colori, profumi e tradizioni, dove si potranno tessere e vivere rapporti sociali. La sua ristrutturazione &#8211; precisano Patrizia e Andrea Fanti &#8211; \u00e8 indispensabile per sottrarre l&#8217;immobile al degrado e agli attuali usi impropri dando nuovo impulso al Centro Storico della Citt\u00e0, contribuendo a ricucire il tessuto urbano e a vivacizzarne la vita culturale e sociale. &#8221;<br \/>\n&#8220;Con il trasferimento, quindi, del mercato dall&#8217;attuale sede sar\u00e0 finalmente possibile &#8211; proseguono Patrizia e Andrea Fanti &#8211; ripensare all&#8217;uso del Consorzio di bonifica come struttura vocata alla cultura per quei segmenti utili alla crescita per la citt\u00e0. Il Consorzio sar\u00e0 uno spazio di promozione culturale a disposizione di Latina nelle sue espressioni pi\u00f9 vive ed attuali per favorire la promozione delle eccellenze artistiche della Citt\u00e0 e l&#8217;incontro dei giovani con i loro nuovi linguaggi della multidisciplinariet\u00e0. Si tratta &#8211; concludono i Candidati &#8211; di valorizzare le iniziative di musica, danza e teatro con l&#8217;obiettivo di diffondere la cultura teatrale, musicale, coreutica, pittorica, scultorea e pi\u00f9 in generale le arti sceniche e visive\u201d.<\/p>\n","protected":false},"excerpt":{"rendered":"<p>LATINA &#8211; Patrizia e Andrea Fanti, candidati al Consiglio comunale nella lista Cuori Italiani per Nicola Calandrini sindaco, affrontano il tema del recupero del mercato annonario, sia della struttura sia della sua vocazione a diventare centro di aggregazione sociale e di valorizzazione dei prodotti locali. \u201c\u00c8 ormai imminente l&#8217;inizio dei lavori per la messa in [&hellip;]<\/p>\n","protected":false},"author":60,"featured_media":0,"comment_status":"open","ping_status":"closed","sticky":false,"template":"","format":"standard","meta":{"footnotes":""},"categories":[8],"tags":[],"class_list":["post-177908","post","type-post","status-publish","format-standard","hentry","category-politica"],"_links":{"self":[{"href":"https:\/\/www.radioluna.it\/news\/wp-json\/wp\/v2\/posts\/177908","targetHints":{"allow":["GET"]}}],"collection":[{"href":"https:\/\/www.radioluna.it\/news\/wp-json\/wp\/v2\/posts"}],"about":[{"href":"https:\/\/www.radioluna.it\/news\/wp-json\/wp\/v2\/types\/post"}],"author":[{"embeddable":true,"href":"https:\/\/www.radioluna.it\/news\/wp-json\/wp\/v2\/users\/60"}],"replies":[{"embeddable":true,"href":"https:\/\/www.radioluna.it\/news\/wp-json\/wp\/v2\/comments?post=177908"}],"version-history":[{"count":0,"href":"https:\/\/www.radioluna.it\/news\/wp-json\/wp\/v2\/posts\/177908\/revisions"}],"wp:attachment":[{"href":"https:\/\/www.radioluna.it\/news\/wp-json\/wp\/v2\/media?parent=177908"}],"wp:term":[{"taxonomy":"category","embeddable":true,"href":"https:\/\/www.radioluna.it\/news\/wp-json\/wp\/v2\/categories?post=177908"},{"taxonomy":"post_tag","embeddable":true,"href":"https:\/\/www.radioluna.it\/news\/wp-json\/wp\/v2\/tags?post=177908"}],"curies":[{"name":"wp","href":"https:\/\/api.w.org\/{rel}","templated":true}]}}