{"id":177910,"date":"2016-05-16T16:43:02","date_gmt":"2016-05-16T14:43:02","guid":{"rendered":"http:\/\/www.radioluna.it\/news\/?p=177910"},"modified":"2016-05-16T16:43:02","modified_gmt":"2016-05-16T14:43:02","slug":"novelli-volontariato-sociale-retribuito-con-diamoci-una-mano","status":"publish","type":"post","link":"https:\/\/www.radioluna.it\/news\/2016\/05\/novelli-volontariato-sociale-retribuito-con-diamoci-una-mano\/","title":{"rendered":"Novelli: &#8220;Volontariato sociale retribuito con &#8220;Diamoci una mano\u201d"},"content":{"rendered":"<div id=\"fb-root\"><\/div>\n<p style=\"text-align: justify;\"><strong><a href=\"http:\/\/www.radioluna.it\/news\/wp-content\/uploads\/2016\/02\/Forte-Novelli4.jpg\"><img loading=\"lazy\" decoding=\"async\" class=\"aligncenter size-thumbnail wp-image-174761\" src=\"http:\/\/www.radioluna.it\/news\/wp-content\/uploads\/2016\/02\/Forte-Novelli4-689x459.jpg\" alt=\"Forte-Novelli4\" width=\"689\" height=\"459\" \/><\/a>LATINA &#8211;<\/strong> In questi giorni di campagna elettorale, in molti mi hanno fermato e sollecitato per individuare soluzioni per chi \u00e8 disoccupato, in cassa integrazione o in mobilit\u00e0 o in situazioni di disagio economico. E guardando lo stato di degrado diffuso in cui versa la nostra citt\u00e0, ci si rende conto che nei nostri quartieri ci sarebbe davvero molto lavoro da fare. Come riuscire a coniugare queste due esigenze in maniera celere senza pesare sulle casse dissestate del Comune?<\/p>\n<p style=\"text-align: justify;\">Una risposta reale e pratica che potrebbe essere attivata in breve tempo dal prossimo consiglio comunale \u00e8 quella di attingere alle risorse del progetto del Ministero del Lavoro e delle Politiche Sociali denominato \u201cDiamoci una mano\u201d (art.12 D.L. n.90 del 24\/06\/2014). Il piano, partito in via sperimentale nel 2015, \u00e8 stato rifinanziato anche per il 2016 e 2017 con la Legge di Stabilit\u00e0. Esso prevede l\u2019istituzione da parte del Ministero del lavoro di un apposito fondo di durata biennale (la cui copertura assicurativa sar\u00e0 a carico dell\u2019Inail) per tutte quelle persone che, coinvolte in attivit\u00e0 di volontariato socialmente utile, possono beneficiare di forme d\u2019integrazione e sostegno del reddito.<\/p>\n<p style=\"text-align: justify;\">Da quest\u2019anno, inoltre, il progetto \u201cDiamoci una mano\u201d \u00e8 stato esteso anche ai detenuti e agli internati impegnati in attivit\u00e0 volontarie e gratuite e agli stranieri richiedenti asilo in possesso del permesso di soggiorno. Fino a tutto il 2017, dunque, le organizzazioni di volontariato potranno ingaggiare volontari all\u2019interno di queste categorie, assicurandoli gratuitamente presso l\u2019Inail.<\/p>\n<p style=\"text-align: justify;\">Chi beneficer\u00e0 di questa misura di sostegno al reddito potr\u00e0 svolgere un\u2019attivit\u00e0 di utilit\u00e0 sociale volontaria, a favore della comunit\u00e0 con progetti realizzati insieme al terzo settore e al Comune.<\/p>\n<p style=\"text-align: justify;\">\u201cDiamoci una mano\u201d potr\u00e0 tornare utile in numerosi settori d\u2019intervento: ambiente e decoro urbano, educazione e istruzione, inclusione sociale e pari opportunit\u00e0, sport, tutela e protezione dei diritti e contrasto alle discriminazioni, tutela e valorizzazione del patrimonio artistico e culturale. In questo modo si potr\u00e0 promuove la cittadinanza attiva nel Comune e garantire un minimo compenso alle persone in difficolt\u00e0, coinvolgendole pienamente nella comunit\u00e0\u201d.<\/p>\n<p>Queste la dichiarazione di Daniela Novelli, candidata al consiglio comunale di Latina nella \u201cLista Enrico Forte sindaco\u201d<\/p>\n<p>&nbsp;<\/p>\n","protected":false},"excerpt":{"rendered":"<p>LATINA &#8211; In questi giorni di campagna elettorale, in molti mi hanno fermato e sollecitato per individuare soluzioni per chi \u00e8 disoccupato, in cassa integrazione o in mobilit\u00e0 o in situazioni di disagio economico. E guardando lo stato di degrado diffuso in cui versa la nostra citt\u00e0, ci si rende conto che nei nostri quartieri [&hellip;]<\/p>\n","protected":false},"author":60,"featured_media":0,"comment_status":"open","ping_status":"closed","sticky":false,"template":"","format":"standard","meta":{"footnotes":""},"categories":[8],"tags":[],"class_list":["post-177910","post","type-post","status-publish","format-standard","hentry","category-politica"],"_links":{"self":[{"href":"https:\/\/www.radioluna.it\/news\/wp-json\/wp\/v2\/posts\/177910","targetHints":{"allow":["GET"]}}],"collection":[{"href":"https:\/\/www.radioluna.it\/news\/wp-json\/wp\/v2\/posts"}],"about":[{"href":"https:\/\/www.radioluna.it\/news\/wp-json\/wp\/v2\/types\/post"}],"author":[{"embeddable":true,"href":"https:\/\/www.radioluna.it\/news\/wp-json\/wp\/v2\/users\/60"}],"replies":[{"embeddable":true,"href":"https:\/\/www.radioluna.it\/news\/wp-json\/wp\/v2\/comments?post=177910"}],"version-history":[{"count":0,"href":"https:\/\/www.radioluna.it\/news\/wp-json\/wp\/v2\/posts\/177910\/revisions"}],"wp:attachment":[{"href":"https:\/\/www.radioluna.it\/news\/wp-json\/wp\/v2\/media?parent=177910"}],"wp:term":[{"taxonomy":"category","embeddable":true,"href":"https:\/\/www.radioluna.it\/news\/wp-json\/wp\/v2\/categories?post=177910"},{"taxonomy":"post_tag","embeddable":true,"href":"https:\/\/www.radioluna.it\/news\/wp-json\/wp\/v2\/tags?post=177910"}],"curies":[{"name":"wp","href":"https:\/\/api.w.org\/{rel}","templated":true}]}}