{"id":177971,"date":"2016-05-18T09:06:33","date_gmt":"2016-05-18T07:06:33","guid":{"rendered":"http:\/\/www.radioluna.it\/news\/?p=177971"},"modified":"2016-05-18T09:06:33","modified_gmt":"2016-05-18T07:06:33","slug":"festa-del-programma-per-il-pd-sabato-in-piazza-moro","status":"publish","type":"post","link":"https:\/\/www.radioluna.it\/news\/2016\/05\/festa-del-programma-per-il-pd-sabato-in-piazza-moro\/","title":{"rendered":"Festa del programma per il Pd, sabato in Piazza Moro"},"content":{"rendered":"<div id=\"fb-root\"><\/div>\n<p style=\"text-align: justify;\"><strong><a href=\"http:\/\/www.radioluna.it\/news\/wp-content\/uploads\/2016\/05\/festa-del-programma.jpg\"><img loading=\"lazy\" decoding=\"async\" class=\"aligncenter size-thumbnail wp-image-177972\" src=\"http:\/\/www.radioluna.it\/news\/wp-content\/uploads\/2016\/05\/festa-del-programma-689x262.jpg\" alt=\"festa del programma\" width=\"689\" height=\"262\" srcset=\"https:\/\/www.radioluna.it\/news\/wp-content\/uploads\/2016\/05\/festa-del-programma-689x262.jpg 689w, https:\/\/www.radioluna.it\/news\/wp-content\/uploads\/2016\/05\/festa-del-programma-300x114.jpg 300w, https:\/\/www.radioluna.it\/news\/wp-content\/uploads\/2016\/05\/festa-del-programma-800x304.jpg 800w, https:\/\/www.radioluna.it\/news\/wp-content\/uploads\/2016\/05\/festa-del-programma.jpg 828w\" sizes=\"auto, (max-width: 689px) 100vw, 689px\" \/><\/a>LATINA<\/strong> &#8211;\u00a0Sabato 21 maggio il Pd presenta il suo programma per Latina. L&#8217;appuntamento \u00e8 in Piazza Moro, dalle 16,30 alle 22. \u00a0&#8220;L&#8217;abbiamo scritto raccogliendo anche le istanze dei cittadini incontrati in questi mesi, animati dalla volont\u00e0 di costruire una Latina pi\u00f9 giusta, pi\u00f9 moderna, pi\u00f9 efficiente &#8211; spiegano i candidati &#8211;\u00a0La nostra citt\u00e0, ed \u00e8 giusto ricordarlo, \u00e8 la seconda citt\u00e0 del Lazio, e deve assumere il ruolo che le spetta: la reale locomotiva di una provincia ricca di potenzialit\u00e0 da sviluppare&#8221;.<\/p>\n","protected":false},"excerpt":{"rendered":"<p>LATINA &#8211;\u00a0Sabato 21 maggio il Pd presenta il suo programma per Latina. L&#8217;appuntamento \u00e8 in Piazza Moro, dalle 16,30 alle 22. \u00a0&#8220;L&#8217;abbiamo scritto raccogliendo anche le istanze dei cittadini incontrati in questi mesi, animati dalla volont\u00e0 di costruire una Latina pi\u00f9 giusta, pi\u00f9 moderna, pi\u00f9 efficiente &#8211; spiegano i candidati &#8211;\u00a0La nostra citt\u00e0, ed \u00e8 [&hellip;]<\/p>\n","protected":false},"author":62,"featured_media":177972,"comment_status":"open","ping_status":"closed","sticky":false,"template":"","format":"standard","meta":{"footnotes":""},"categories":[8],"tags":[],"class_list":["post-177971","post","type-post","status-publish","format-standard","has-post-thumbnail","hentry","category-politica"],"_links":{"self":[{"href":"https:\/\/www.radioluna.it\/news\/wp-json\/wp\/v2\/posts\/177971","targetHints":{"allow":["GET"]}}],"collection":[{"href":"https:\/\/www.radioluna.it\/news\/wp-json\/wp\/v2\/posts"}],"about":[{"href":"https:\/\/www.radioluna.it\/news\/wp-json\/wp\/v2\/types\/post"}],"author":[{"embeddable":true,"href":"https:\/\/www.radioluna.it\/news\/wp-json\/wp\/v2\/users\/62"}],"replies":[{"embeddable":true,"href":"https:\/\/www.radioluna.it\/news\/wp-json\/wp\/v2\/comments?post=177971"}],"version-history":[{"count":0,"href":"https:\/\/www.radioluna.it\/news\/wp-json\/wp\/v2\/posts\/177971\/revisions"}],"wp:featuredmedia":[{"embeddable":true,"href":"https:\/\/www.radioluna.it\/news\/wp-json\/wp\/v2\/media\/177972"}],"wp:attachment":[{"href":"https:\/\/www.radioluna.it\/news\/wp-json\/wp\/v2\/media?parent=177971"}],"wp:term":[{"taxonomy":"category","embeddable":true,"href":"https:\/\/www.radioluna.it\/news\/wp-json\/wp\/v2\/categories?post=177971"},{"taxonomy":"post_tag","embeddable":true,"href":"https:\/\/www.radioluna.it\/news\/wp-json\/wp\/v2\/tags?post=177971"}],"curies":[{"name":"wp","href":"https:\/\/api.w.org\/{rel}","templated":true}]}}