{"id":177974,"date":"2016-05-18T09:46:14","date_gmt":"2016-05-18T07:46:14","guid":{"rendered":"http:\/\/www.radioluna.it\/news\/?p=177974"},"modified":"2016-05-18T10:14:45","modified_gmt":"2016-05-18T08:14:45","slug":"manifesti-strappati-e-abbandonati-sui-marciapiedi-la-campagna-elettorale-imbratta-latina","status":"publish","type":"post","link":"https:\/\/www.radioluna.it\/news\/2016\/05\/manifesti-strappati-e-abbandonati-sui-marciapiedi-la-campagna-elettorale-imbratta-latina\/","title":{"rendered":"Manifesti strappati e abbandonati sui marciapiedi, la campagna elettorale imbratta Latina"},"content":{"rendered":"<div id=\"fb-root\"><\/div>\n<div id=\"attachment_177975\" style=\"width: 699px\" class=\"wp-caption aligncenter\"><a href=\"http:\/\/www.radioluna.it\/news\/wp-content\/uploads\/2016\/05\/manifesti-elettorali-in-Viale-mazzini.jpg\"><img loading=\"lazy\" decoding=\"async\" aria-describedby=\"caption-attachment-177975\" class=\"wp-image-177975 size-thumbnail\" src=\"http:\/\/www.radioluna.it\/news\/wp-content\/uploads\/2016\/05\/manifesti-elettorali-in-Viale-mazzini-689x388.jpg\" alt=\"manifesti elettorali in Viale mazzini\" width=\"689\" height=\"388\" srcset=\"https:\/\/www.radioluna.it\/news\/wp-content\/uploads\/2016\/05\/manifesti-elettorali-in-Viale-mazzini-689x388.jpg 689w, https:\/\/www.radioluna.it\/news\/wp-content\/uploads\/2016\/05\/manifesti-elettorali-in-Viale-mazzini-300x169.jpg 300w, https:\/\/www.radioluna.it\/news\/wp-content\/uploads\/2016\/05\/manifesti-elettorali-in-Viale-mazzini-800x450.jpg 800w, https:\/\/www.radioluna.it\/news\/wp-content\/uploads\/2016\/05\/manifesti-elettorali-in-Viale-mazzini.jpg 960w\" sizes=\"auto, (max-width: 689px) 100vw, 689px\" \/><\/a><p id=\"caption-attachment-177975\" class=\"wp-caption-text\">Manifesti elettorali in Viale Mazzini, &#8220;buon esempio&#8221; per gli studenti delle due scuole che si affacciano sul tratto di strada<\/p><\/div>\n<p style=\"text-align: justify;\"><strong>LATINA<\/strong> &#8211;\u00a0La campagna elettorale imbratta Latina e non solo. Nonostante tutti i buoni propositi e un protocollo d&#8217;intesa firmato con la Prefettura, manifesto selvaggio \u00e8 partito. A farne le spese la citt\u00e0 che gi\u00e0 non \u00e8 un gioiello di pulizia. E anche nelle zone di affissione, quelle riservate ai manifesti elettorali, la scena \u00e8 sconfortante: vengono strappati e lasciati a terra, a mucchi,\u00a0per far posto agli altri. Un&#8217;usanza barbara come testimoniano le \u00a0immagini qui pubblicate.<\/p>\n<p style=\"text-align: justify;\">Per questo, fra poco nell&#8217;aula consiliare del Comune di Latina sono stati convocati i delegati di lista. Obiettivo esortarli al rispetto delle regole sulla propaganda elettorale.<\/p>\n<p style=\"text-align: justify;\"><a href=\"http:\/\/www.radioluna.it\/news\/wp-content\/uploads\/2016\/05\/manifesti-elettorali-vicino-scuola.jpg\"><img loading=\"lazy\" decoding=\"async\" class=\"aligncenter size-thumbnail wp-image-177976\" src=\"http:\/\/www.radioluna.it\/news\/wp-content\/uploads\/2016\/05\/manifesti-elettorali-vicino-scuola-689x919.jpg\" alt=\"manifesti elettorali vicino scuola\" width=\"689\" height=\"919\" srcset=\"https:\/\/www.radioluna.it\/news\/wp-content\/uploads\/2016\/05\/manifesti-elettorali-vicino-scuola-689x919.jpg 689w, https:\/\/www.radioluna.it\/news\/wp-content\/uploads\/2016\/05\/manifesti-elettorali-vicino-scuola-225x300.jpg 225w, https:\/\/www.radioluna.it\/news\/wp-content\/uploads\/2016\/05\/manifesti-elettorali-vicino-scuola-300x400.jpg 300w, https:\/\/www.radioluna.it\/news\/wp-content\/uploads\/2016\/05\/manifesti-elettorali-vicino-scuola.jpg 720w\" sizes=\"auto, (max-width: 689px) 100vw, 689px\" \/><\/a><\/p>\n","protected":false},"excerpt":{"rendered":"<p>LATINA &#8211;\u00a0La campagna elettorale imbratta Latina e non solo. Nonostante tutti i buoni propositi e un protocollo d&#8217;intesa firmato con la Prefettura, manifesto selvaggio \u00e8 partito. A farne le spese la citt\u00e0 che gi\u00e0 non \u00e8 un gioiello di pulizia. E anche nelle zone di affissione, quelle riservate ai manifesti elettorali, la scena \u00e8 sconfortante: [&hellip;]<\/p>\n","protected":false},"author":62,"featured_media":177975,"comment_status":"open","ping_status":"closed","sticky":false,"template":"","format":"standard","meta":{"footnotes":""},"categories":[8],"tags":[],"class_list":["post-177974","post","type-post","status-publish","format-standard","has-post-thumbnail","hentry","category-politica"],"_links":{"self":[{"href":"https:\/\/www.radioluna.it\/news\/wp-json\/wp\/v2\/posts\/177974","targetHints":{"allow":["GET"]}}],"collection":[{"href":"https:\/\/www.radioluna.it\/news\/wp-json\/wp\/v2\/posts"}],"about":[{"href":"https:\/\/www.radioluna.it\/news\/wp-json\/wp\/v2\/types\/post"}],"author":[{"embeddable":true,"href":"https:\/\/www.radioluna.it\/news\/wp-json\/wp\/v2\/users\/62"}],"replies":[{"embeddable":true,"href":"https:\/\/www.radioluna.it\/news\/wp-json\/wp\/v2\/comments?post=177974"}],"version-history":[{"count":0,"href":"https:\/\/www.radioluna.it\/news\/wp-json\/wp\/v2\/posts\/177974\/revisions"}],"wp:featuredmedia":[{"embeddable":true,"href":"https:\/\/www.radioluna.it\/news\/wp-json\/wp\/v2\/media\/177975"}],"wp:attachment":[{"href":"https:\/\/www.radioluna.it\/news\/wp-json\/wp\/v2\/media?parent=177974"}],"wp:term":[{"taxonomy":"category","embeddable":true,"href":"https:\/\/www.radioluna.it\/news\/wp-json\/wp\/v2\/categories?post=177974"},{"taxonomy":"post_tag","embeddable":true,"href":"https:\/\/www.radioluna.it\/news\/wp-json\/wp\/v2\/tags?post=177974"}],"curies":[{"name":"wp","href":"https:\/\/api.w.org\/{rel}","templated":true}]}}