{"id":177983,"date":"2016-05-18T12:56:57","date_gmt":"2016-05-18T10:56:57","guid":{"rendered":"http:\/\/www.radioluna.it\/news\/?p=177983"},"modified":"2016-05-18T13:46:48","modified_gmt":"2016-05-18T11:46:48","slug":"la-storia-di-latina-in-una-pergamena-in-85-anni-piu-commissari-che-sindaci","status":"publish","type":"post","link":"https:\/\/www.radioluna.it\/news\/2016\/05\/la-storia-di-latina-in-una-pergamena-in-85-anni-piu-commissari-che-sindaci\/","title":{"rendered":"La storia di Latina in una pergamena: 83 anni di podest\u00e0, sindaci e commissari"},"content":{"rendered":"<div id=\"fb-root\"><\/div>\n<p style=\"text-align: justify;\"><strong><a href=\"http:\/\/www.radioluna.it\/news\/wp-content\/uploads\/2016\/05\/la-pergamena.jpg\"><img loading=\"lazy\" decoding=\"async\" class=\"aligncenter size-thumbnail wp-image-177984\" src=\"http:\/\/www.radioluna.it\/news\/wp-content\/uploads\/2016\/05\/la-pergamena-689x388.jpg\" alt=\"la pergamena\" width=\"689\" height=\"388\" srcset=\"https:\/\/www.radioluna.it\/news\/wp-content\/uploads\/2016\/05\/la-pergamena-689x388.jpg 689w, https:\/\/www.radioluna.it\/news\/wp-content\/uploads\/2016\/05\/la-pergamena-300x169.jpg 300w, https:\/\/www.radioluna.it\/news\/wp-content\/uploads\/2016\/05\/la-pergamena-1024x576.jpg 1024w, https:\/\/www.radioluna.it\/news\/wp-content\/uploads\/2016\/05\/la-pergamena-800x450.jpg 800w, https:\/\/www.radioluna.it\/news\/wp-content\/uploads\/2016\/05\/la-pergamena.jpg 1600w\" sizes=\"auto, (max-width: 689px) 100vw, 689px\" \/><\/a>LATINA<\/strong> &#8211; A partire da oggi, i nomi degli uomini che si sono susseguiti alla guida del Comune di Latina sono esposti nel corridoio che conduce all&#8217;aula consiliare. In una pergamena fatta realizzare (in perfetto stile Prefettura) dal Commissario Giacomo Barbato c&#8217;\u00e8 la storia di Latina, dalla Fondazione e fino al maggio 2016, vigilia delle elezioni amministrative. Il primo nome \u00e8 quello di Valentino Orsolini Cencelli, Podest\u00e0 di Littoria dal 1932, l&#8217;ultimo, \u00e8 quello dello stesso Barbato, in servizio dal 2015 e prossimo a lasciare il posto al nuovo sindaco. \u00a0In mezzo, il nome di Fernando Bassoli, primo sindaco nel 1946. La cosa che balza agli occhi \u00e8 che Littoria e Latina hanno avuto praticamente pi\u00f9 commissari che podest\u00e0 o sindaci.<\/p>\n<p style=\"text-align: justify;\">&#8220;Con l&#8217;aiuto dell&#8217;avvocato Cesare Bruni abbiamo cercato di ricostruire una parte della storia di questa citt\u00e0, speriamo di non aver commesso errori, dal momento che non siamo esperti, ma due semplici artigiani al servizio della collettivit\u00e0 con l&#8217;intento di preservare la memoria&#8221;, \u00a0ha detto Barbato presentando l&#8217;iniziativa. Il Commissario ha anche spiegato che l&#8217;operazione d\u00e0 il via alla creazione di un archivio storico della citt\u00e0 di Latina: &#8220;Siamo in una citt\u00e0 di Fondazione e dunque abbiamo la fortuna di avere moltissimi documenti, atti, delibere che raccontano la storia e vorremmo che diventassero patrimonio di tutti, consultabili dai cittadini. Speriamo che questo progetto, che ha gi\u00e0 visto lo spostamento di una parte del materiale nella sede comunale di Via Varsavia, possa essere proseguito dalla prossima amministrazione e che presto, studiosi e studenti possano avere questo materiale a disposizione anche in versione digitale&#8221;.<\/p>\n<p style=\"text-align: justify;\">\n<div class=\"radio-posizionamento-telefono-in-articoli-dopo-il-contenuto-articolo radio-entity-placement\" id=\"radio-3796196596\"><div id=\"radio-1691029477\"><a href=\"https:\/\/grupporedi.it\/\" aria-label=\"Redi-Qr\"><img loading=\"lazy\" decoding=\"async\" src=\"https:\/\/www.radioluna.it\/news\/wp-content\/uploads\/2026\/03\/Redi-Qr.jpg\" alt=\"\"  srcset=\"https:\/\/www.radioluna.it\/news\/wp-content\/uploads\/2026\/03\/Redi-Qr.jpg 800w, https:\/\/www.radioluna.it\/news\/wp-content\/uploads\/2026\/03\/Redi-Qr-768x639.jpg 768w\" sizes=\"(max-width: 800px) 100vw, 800px\" width=\"300\" height=\"250\"   \/><\/a><\/div><\/div>","protected":false},"excerpt":{"rendered":"<p>LATINA &#8211; A partire da oggi, i nomi degli uomini che si sono susseguiti alla guida del Comune di Latina sono esposti nel corridoio che conduce all&#8217;aula consiliare. In una pergamena fatta realizzare (in perfetto stile Prefettura) dal Commissario Giacomo Barbato c&#8217;\u00e8 la storia di Latina, dalla Fondazione e fino al maggio 2016, vigilia delle [&hellip;]<\/p>\n","protected":false},"author":62,"featured_media":177984,"comment_status":"open","ping_status":"closed","sticky":false,"template":"","format":"standard","meta":{"footnotes":""},"categories":[7],"tags":[],"class_list":["post-177983","post","type-post","status-publish","format-standard","has-post-thumbnail","hentry","category-cronaca"],"_links":{"self":[{"href":"https:\/\/www.radioluna.it\/news\/wp-json\/wp\/v2\/posts\/177983","targetHints":{"allow":["GET"]}}],"collection":[{"href":"https:\/\/www.radioluna.it\/news\/wp-json\/wp\/v2\/posts"}],"about":[{"href":"https:\/\/www.radioluna.it\/news\/wp-json\/wp\/v2\/types\/post"}],"author":[{"embeddable":true,"href":"https:\/\/www.radioluna.it\/news\/wp-json\/wp\/v2\/users\/62"}],"replies":[{"embeddable":true,"href":"https:\/\/www.radioluna.it\/news\/wp-json\/wp\/v2\/comments?post=177983"}],"version-history":[{"count":0,"href":"https:\/\/www.radioluna.it\/news\/wp-json\/wp\/v2\/posts\/177983\/revisions"}],"wp:featuredmedia":[{"embeddable":true,"href":"https:\/\/www.radioluna.it\/news\/wp-json\/wp\/v2\/media\/177984"}],"wp:attachment":[{"href":"https:\/\/www.radioluna.it\/news\/wp-json\/wp\/v2\/media?parent=177983"}],"wp:term":[{"taxonomy":"category","embeddable":true,"href":"https:\/\/www.radioluna.it\/news\/wp-json\/wp\/v2\/categories?post=177983"},{"taxonomy":"post_tag","embeddable":true,"href":"https:\/\/www.radioluna.it\/news\/wp-json\/wp\/v2\/tags?post=177983"}],"curies":[{"name":"wp","href":"https:\/\/api.w.org\/{rel}","templated":true}]}}