{"id":177992,"date":"2016-05-18T14:53:46","date_gmt":"2016-05-18T12:53:46","guid":{"rendered":"http:\/\/www.radioluna.it\/news\/?p=177992"},"modified":"2016-05-18T14:53:46","modified_gmt":"2016-05-18T12:53:46","slug":"cultura-primario-bene-comune","status":"publish","type":"post","link":"https:\/\/www.radioluna.it\/news\/2016\/05\/cultura-primario-bene-comune\/","title":{"rendered":"Cultura, primario Bene Comune"},"content":{"rendered":"<div id=\"fb-root\"><\/div>\n<p style=\"text-align: justify;\"><strong><a href=\"http:\/\/www.radioluna.it\/news\/wp-content\/uploads\/2016\/05\/cultura.jpg\"><img loading=\"lazy\" decoding=\"async\" class=\"size-full wp-image-177993 alignleft\" src=\"http:\/\/www.radioluna.it\/news\/wp-content\/uploads\/2016\/05\/cultura.jpg\" alt=\"cultura\" width=\"340\" height=\"178\" srcset=\"https:\/\/www.radioluna.it\/news\/wp-content\/uploads\/2016\/05\/cultura.jpg 340w, https:\/\/www.radioluna.it\/news\/wp-content\/uploads\/2016\/05\/cultura-300x157.jpg 300w\" sizes=\"auto, (max-width: 340px) 100vw, 340px\" \/><\/a>LATINA<\/strong> &#8211;\u00a0Ripartire dalla cultura, con un\u2019amministrazione che ne riconosca il ruolo prioritario nello sviluppo del territorio e nella costruzione di un\u2019identit\u00e0 collettiva, \u00e8 il tema che far\u00e0 da filo conduttore all\u2019incontro \u201cCultura bene primario\u201d organizzato da Latina Bene Comune per domani, gioved\u00ec 19 maggio. L\u2019appuntamento \u00e8 alle 18 presso la sede di Corso della Repubblica. &#8220;LBC ritiene necessario il confronto su questo tema in una citt\u00e0 rimasta per troppo tempo orfana di un assessorato alla cultura e di una politica culturale adeguata, di strutture preposte alla promozione culturale e in cui le poche attivit\u00e0 proposte sono appannaggio di associazioni e privati&#8221;.\u00a0\u00abCon Latina Bene Comune la cultura torner\u00e0 ad avere un ruolo di primo piano\u00bb ha ribadito anche di recente il candidato sindaco Damiano Coletta.<\/p>\n","protected":false},"excerpt":{"rendered":"<p>LATINA &#8211;\u00a0Ripartire dalla cultura, con un\u2019amministrazione che ne riconosca il ruolo prioritario nello sviluppo del territorio e nella costruzione di un\u2019identit\u00e0 collettiva, \u00e8 il tema che far\u00e0 da filo conduttore all\u2019incontro \u201cCultura bene primario\u201d organizzato da Latina Bene Comune per domani, gioved\u00ec 19 maggio. L\u2019appuntamento \u00e8 alle 18 presso la sede di Corso della Repubblica. [&hellip;]<\/p>\n","protected":false},"author":60,"featured_media":177993,"comment_status":"open","ping_status":"closed","sticky":false,"template":"","format":"standard","meta":{"footnotes":""},"categories":[8],"tags":[],"class_list":["post-177992","post","type-post","status-publish","format-standard","has-post-thumbnail","hentry","category-politica"],"_links":{"self":[{"href":"https:\/\/www.radioluna.it\/news\/wp-json\/wp\/v2\/posts\/177992","targetHints":{"allow":["GET"]}}],"collection":[{"href":"https:\/\/www.radioluna.it\/news\/wp-json\/wp\/v2\/posts"}],"about":[{"href":"https:\/\/www.radioluna.it\/news\/wp-json\/wp\/v2\/types\/post"}],"author":[{"embeddable":true,"href":"https:\/\/www.radioluna.it\/news\/wp-json\/wp\/v2\/users\/60"}],"replies":[{"embeddable":true,"href":"https:\/\/www.radioluna.it\/news\/wp-json\/wp\/v2\/comments?post=177992"}],"version-history":[{"count":0,"href":"https:\/\/www.radioluna.it\/news\/wp-json\/wp\/v2\/posts\/177992\/revisions"}],"wp:featuredmedia":[{"embeddable":true,"href":"https:\/\/www.radioluna.it\/news\/wp-json\/wp\/v2\/media\/177993"}],"wp:attachment":[{"href":"https:\/\/www.radioluna.it\/news\/wp-json\/wp\/v2\/media?parent=177992"}],"wp:term":[{"taxonomy":"category","embeddable":true,"href":"https:\/\/www.radioluna.it\/news\/wp-json\/wp\/v2\/categories?post=177992"},{"taxonomy":"post_tag","embeddable":true,"href":"https:\/\/www.radioluna.it\/news\/wp-json\/wp\/v2\/tags?post=177992"}],"curies":[{"name":"wp","href":"https:\/\/api.w.org\/{rel}","templated":true}]}}