{"id":177994,"date":"2016-05-19T09:42:30","date_gmt":"2016-05-19T07:42:30","guid":{"rendered":"http:\/\/www.radioluna.it\/news\/?p=177994"},"modified":"2016-05-20T09:56:17","modified_gmt":"2016-05-20T07:56:17","slug":"la-notte-euopea-dei-musei-a-latina-porte-aperte-in-pinacoteca-cambellotti-e-terra-pontina","status":"publish","type":"post","link":"https:\/\/www.radioluna.it\/news\/2016\/05\/la-notte-euopea-dei-musei-a-latina-porte-aperte-in-pinacoteca-cambellotti-e-terra-pontina\/","title":{"rendered":"La Notte Euopea dei Musei a Latina: porte aperte in Pinacoteca, Cambellotti e Terra Pontina"},"content":{"rendered":"<div id=\"fb-root\"><\/div>\n<div id=\"attachment_177995\" style=\"width: 699px\" class=\"wp-caption aligncenter\"><a href=\"http:\/\/www.radioluna.it\/news\/wp-content\/uploads\/2016\/05\/notte-musei-presentazione.jpg\"><img loading=\"lazy\" decoding=\"async\" aria-describedby=\"caption-attachment-177995\" class=\"size-thumbnail wp-image-177995\" src=\"http:\/\/www.radioluna.it\/news\/wp-content\/uploads\/2016\/05\/notte-musei-presentazione-689x388.jpg\" alt=\"Un momento della presentazione dell'iniziativa nella sala conferenze del Comune\" width=\"689\" height=\"388\" srcset=\"https:\/\/www.radioluna.it\/news\/wp-content\/uploads\/2016\/05\/notte-musei-presentazione-689x388.jpg 689w, https:\/\/www.radioluna.it\/news\/wp-content\/uploads\/2016\/05\/notte-musei-presentazione-300x169.jpg 300w, https:\/\/www.radioluna.it\/news\/wp-content\/uploads\/2016\/05\/notte-musei-presentazione-1024x576.jpg 1024w, https:\/\/www.radioluna.it\/news\/wp-content\/uploads\/2016\/05\/notte-musei-presentazione-800x450.jpg 800w, https:\/\/www.radioluna.it\/news\/wp-content\/uploads\/2016\/05\/notte-musei-presentazione.jpg 1600w\" sizes=\"auto, (max-width: 689px) 100vw, 689px\" \/><\/a><p id=\"caption-attachment-177995\" class=\"wp-caption-text\">Un momento della presentazione dell&#8217;iniziativa nella sala conferenze del Comune<\/p><\/div>\n<p style=\"text-align: justify;\"><strong>LATINA<\/strong> &#8211; Raffica di eventi a Latina per la Notte Europea dei Musei che apre le porte della Pinacoteca comunale, del Museo Duilio Cambellotti in Piazza San Marco e di quello della Terra Pontina in Piazza del Quadrato. Sar\u00e0 anche visitabile il Museo di Arte Contemporanea MADXI, in Via Carrara a Latina Scalo. Protagonista il patrimonio storico-artistico-documentale del capoluogo, con i giovani delle scuole superiori impegnati a guidare le visite (gratuite), ma anche ad esporre i loro lavori, o a suonare in concerti (vedi il programma). Saranno loro la linea di continuit\u00e0 degli appuntamenti: gli studenti del Liceo Artistico, del Galilei-Sani, del Liceo Classico Alighieri, del Liceo Manzoni, \u00a0e del Conservatorio di Musica Ottorino Respighi, ognuno con un ruolo. Il Triangolo della Cultura sar\u00e0 animato dalle 9 alle 2 di notte del sabato e dalle 9 alle 21 di domenica come ci spiegano il Commissario prefettizio del Comune, Giacomo Barbato e il sub commissario Paolo Canaparo. ASCOLTA<\/p>\n<audio class=\"wp-audio-shortcode\" id=\"audio-177994-1\" preload=\"none\" style=\"width: 100%;\" controls=\"controls\"><source type=\"audio\/mpeg\" src=\"http:\/\/www.radioluna.it\/news\/wp-content\/uploads\/2016\/05\/barbato-canaparo-PER-SITO.mp3?_=1\" \/><a href=\"http:\/\/www.radioluna.it\/news\/wp-content\/uploads\/2016\/05\/barbato-canaparo-PER-SITO.mp3\">http:\/\/www.radioluna.it\/news\/wp-content\/uploads\/2016\/05\/barbato-canaparo-PER-SITO.mp3<\/a><\/audio>\n<p style=\"text-align: justify;\">Nella Pinacoteca comunale \u00a0\u00e8 stato da poco inaugurato un nuovo percorso con opere che erano in deposito &#8211; spiega il responsabile Silverio Di Monaco &#8211; \u00a0con una particolare attenzione per le medaglie e la grafica incisa.<\/p>\n<p style=\"text-align: justify;\">Al Cambellotti a a parte l&#8217;esposizione permanente delle opere dell&#8217;architetto che magistralmente rappresent\u00f2 la l&#8217;epopea della Bonifica, \u00e8 pronta una curiosit\u00e0: in una stanza sotto il titolo &#8220;Alias&#8221; ci saranno 12 riproduzioni di capolavori rubati e mai pi\u00f9 ritrovati a partire da quelli del Caravaggio: &#8220;Inganni, per ricordare il nostro patrimonio scomparso&#8221;, spiega Fabio D&#8217;Achille che ha affidato la cura della mostra a Claudia Vaccaro.<\/p>\n<p style=\"text-align: justify;\">Al Museo della Terra Pontina sar\u00e0 visitabile invece la Mostra sulla Grande Guerra.\u00a0Sar\u00e0 anche esposto il costume tradizionale di Littoria su cui il Galilei Sani terr\u00e0 una conferenza.<\/p>\n<p>Al Cambellotti da non perdere Il Concerto di mezzanotte con il\u00a0\u201cMauro Zazzarini Quintet\u201d.<\/p>\n<p><strong>IL PROGRAMMA<\/strong> &#8211;\u00a0<a href=\"http:\/\/www.radioluna.it\/news\/wp-content\/uploads\/2016\/05\/LaNottedeiMusei2016Bis.pdf\">LaNottedeiMusei2016Bis<\/a><\/p>\n<p style=\"text-align: justify;\"><strong>NATI PER LEGGERE<\/strong> &#8211; Tra i protagonisti della &#8220;Notte ai musei&#8230; e non solo&#8221;, organizzata dal Comune di Latina c&#8217;\u00e8 anche Nati per Leggere.<br \/>\nAlle 17.30 del 21 maggio p.v., presso il Museo Duilio Cambellotti, ci sar\u00e0 &#8220;L\u00e9gg\u00e8re storie&#8230;in musica&#8221;: letture interattive per bambini a cura dei volontari Nati per Leggere in collaborazione con la P.O.M.M. (Piccola Orchestra delle Musiche del Mondo) con laboratorio musicale creativo.<br \/>\nNati per Leggere \u00e8 un progetto promosso a livello nazionale dall&#8217;Associazione Culturale Pediatri &#8211; ACP, dall&#8217;Associazione Italiana Biblioteche &#8211; AIB e dal Centro per la Salute del Bambino \u2013 CSB.<\/p>\n<div class=\"radio-posizionamento-telefono-in-articoli-dopo-il-contenuto-articolo radio-entity-placement\" id=\"radio-660201481\"><div id=\"radio-3263839617\" style=\"width: 300px;height: 250px;\"><a href=\"https:\/\/www.icarspa.it\/auto\/usate\/latina\/\" aria-label=\"banner aprile icar new life &#8211; auto usate latina\"><img loading=\"lazy\" decoding=\"async\" src=\"https:\/\/www.radioluna.it\/news\/wp-content\/uploads\/2026\/02\/banner-aprile-icar-new-life-auto-usate-latina.gif\" alt=\"\"  width=\"300\" height=\"250\"   \/><\/a><\/div><\/div>","protected":false},"excerpt":{"rendered":"<p>LATINA &#8211; Raffica di eventi a Latina per la Notte Europea dei Musei che apre le porte della Pinacoteca comunale, del Museo Duilio Cambellotti in Piazza San Marco e di quello della Terra Pontina in Piazza del Quadrato. Sar\u00e0 anche visitabile il Museo di Arte Contemporanea MADXI, in Via Carrara a Latina Scalo. Protagonista il [&hellip;]<\/p>\n","protected":false},"author":62,"featured_media":177995,"comment_status":"open","ping_status":"closed","sticky":false,"template":"","format":"standard","meta":{"footnotes":""},"categories":[2310,15],"tags":[],"class_list":["post-177994","post","type-post","status-publish","format-standard","has-post-thumbnail","hentry","category-audio","category-cultura"],"_links":{"self":[{"href":"https:\/\/www.radioluna.it\/news\/wp-json\/wp\/v2\/posts\/177994","targetHints":{"allow":["GET"]}}],"collection":[{"href":"https:\/\/www.radioluna.it\/news\/wp-json\/wp\/v2\/posts"}],"about":[{"href":"https:\/\/www.radioluna.it\/news\/wp-json\/wp\/v2\/types\/post"}],"author":[{"embeddable":true,"href":"https:\/\/www.radioluna.it\/news\/wp-json\/wp\/v2\/users\/62"}],"replies":[{"embeddable":true,"href":"https:\/\/www.radioluna.it\/news\/wp-json\/wp\/v2\/comments?post=177994"}],"version-history":[{"count":0,"href":"https:\/\/www.radioluna.it\/news\/wp-json\/wp\/v2\/posts\/177994\/revisions"}],"wp:featuredmedia":[{"embeddable":true,"href":"https:\/\/www.radioluna.it\/news\/wp-json\/wp\/v2\/media\/177995"}],"wp:attachment":[{"href":"https:\/\/www.radioluna.it\/news\/wp-json\/wp\/v2\/media?parent=177994"}],"wp:term":[{"taxonomy":"category","embeddable":true,"href":"https:\/\/www.radioluna.it\/news\/wp-json\/wp\/v2\/categories?post=177994"},{"taxonomy":"post_tag","embeddable":true,"href":"https:\/\/www.radioluna.it\/news\/wp-json\/wp\/v2\/tags?post=177994"}],"curies":[{"name":"wp","href":"https:\/\/api.w.org\/{rel}","templated":true}]}}