{"id":178026,"date":"2016-05-19T09:08:42","date_gmt":"2016-05-19T07:08:42","guid":{"rendered":"http:\/\/www.radioluna.it\/news\/?p=178026"},"modified":"2016-05-19T10:43:07","modified_gmt":"2016-05-19T08:43:07","slug":"a-latina-troppa-vicinanza-e-familiarita-tra-istituzioni-politici-amministratori-e-altri-personaggi","status":"publish","type":"post","link":"https:\/\/www.radioluna.it\/news\/2016\/05\/a-latina-troppa-vicinanza-e-familiarita-tra-istituzioni-politici-amministratori-e-altri-personaggi\/","title":{"rendered":"&#8220;A Latina troppa vicinanza e familiarit\u00e0 tra istituzioni, politici, amministratori e altri personaggi&#8221;"},"content":{"rendered":"<div id=\"fb-root\"><\/div>\n<div id=\"attachment_169866\" style=\"width: 645px\" class=\"wp-caption aligncenter\"><a href=\"http:\/\/www.radioluna.it\/news\/wp-content\/uploads\/2015\/10\/de-matteis1.jpg\"><img loading=\"lazy\" decoding=\"async\" aria-describedby=\"caption-attachment-169866\" class=\"size-thumbnail wp-image-169866\" src=\"http:\/\/www.radioluna.it\/news\/wp-content\/uploads\/2015\/10\/de-matteis1-635x422.jpg\" alt=\"Il Questore de Matteis\" width=\"635\" height=\"422\" srcset=\"https:\/\/www.radioluna.it\/news\/wp-content\/uploads\/2015\/10\/de-matteis1-635x422.jpg 635w, https:\/\/www.radioluna.it\/news\/wp-content\/uploads\/2015\/10\/de-matteis1-768x511.jpg 768w, https:\/\/www.radioluna.it\/news\/wp-content\/uploads\/2015\/10\/de-matteis1-500x333.jpg 500w, https:\/\/www.radioluna.it\/news\/wp-content\/uploads\/2015\/10\/de-matteis1-600x400.jpg 600w, https:\/\/www.radioluna.it\/news\/wp-content\/uploads\/2015\/10\/de-matteis1-300x200.jpg 300w, https:\/\/www.radioluna.it\/news\/wp-content\/uploads\/2015\/10\/de-matteis1.jpg 800w\" sizes=\"auto, (max-width: 635px) 100vw, 635px\" \/><\/a><p id=\"caption-attachment-169866\" class=\"wp-caption-text\">Il Questore de Matteis<\/p><\/div>\n<p style=\"text-align: justify;\"><strong>LATINA<\/strong> &#8211;\u00a0Fu Gianfranco Melaragni, capo di gabinetto dell&#8217;ultimo sindaco di Latina, Giovanni Di Giorgi a redigere l&#8217;interrogazione parlamentare contro il Questore Giuseppe De Matteis, depositata alla Camera con la firma \u00a0del deputato di Fratelli D&#8217;Italia, Pasquale Maietta e da quest&#8217;ultimo disconosciuta. Lo ha detto lo stesso Questore mercoled\u00ec 18 maggio nel corso dell&#8217;audizione davanti alla Commissione parlamentare Antimafia. Il vertice della polizia in provincia di Latina aveva allora parlato di una mafia dei colletti bianchi, sottolineato il business del cambio di destinazione d&#8217;uso in edilizia, \u00a0innescando una serie di reazioni tra cui la pi\u00f9 eclatante e assolutamente irrituale era stata proprio quell&#8217;interrogazione al Ministro. De Matteis ha spiegato che \u00e8 stato proprio l&#8217;onorevole Maietta, in un incontro al quale era presente l&#8217;allora sindaco di Latina Di Giorgi, a indicare Melaragni come autore dell&#8217;atto e a chiedere scusa per quanto accaduto.<\/p>\n<p style=\"text-align: justify;\"><strong>&#8220;TROPPA VICINANZA TRA ISTITUZIONI E ALTRE PERSONE<\/strong>\u00a0&#8220;- &#8220;Una vicenda che pu\u00f2 fare luce su quanto avviene a Latina e che sembra normale per i latinensi ma normale non \u00e8 &#8211; ha sottolineato De Matteis &#8211; Quando sono arrivato a Latina ho trovato una situazione di eccessiva vicinanza tra istituzioni, politici, pubblici amministratori e persone che avevano rapporti con questi, una situazione di eccessiva familiarit\u00e0 e ho voluto dare un segnale di netto distacco&#8221; <strong>ASCOLTA<\/strong><\/p>\n<audio class=\"wp-audio-shortcode\" id=\"audio-178026-1\" preload=\"none\" style=\"width: 100%;\" controls=\"controls\"><source type=\"audio\/mpeg\" src=\"http:\/\/www.radioluna.it\/news\/wp-content\/uploads\/2016\/05\/questore-interrogazione.mp3?_=1\" \/><a href=\"http:\/\/www.radioluna.it\/news\/wp-content\/uploads\/2016\/05\/questore-interrogazione.mp3\">http:\/\/www.radioluna.it\/news\/wp-content\/uploads\/2016\/05\/questore-interrogazione.mp3<\/a><\/audio>\n<p style=\"text-align: justify;\"><strong>IL \u00a0QUADRO SU LATINA<\/strong> &#8211; L&#8217;audizione era cominciata con un quadro dei clan operanti sul territorio con un lungo passaggio dedicato alle intimidazioni. La zona di Formia e Gaeta \u00e8 infiltrata dai clan e qui il contrasto \u00e8 una priorit\u00e0 &#8211; ha detto in sostanza De Matteis, dicendosi intenzionato a destinare una sezione investigativa della squadra Mobile (che sar\u00e0 rinforzata) al Sud Pontino. Poi il punto su Latina ASCOLTA<\/p>\n<audio class=\"wp-audio-shortcode\" id=\"audio-178026-2\" preload=\"none\" style=\"width: 100%;\" controls=\"controls\"><source type=\"audio\/mpeg\" src=\"http:\/\/www.radioluna.it\/news\/wp-content\/uploads\/2016\/05\/questore-su-latina.mp3?_=2\" \/><a href=\"http:\/\/www.radioluna.it\/news\/wp-content\/uploads\/2016\/05\/questore-su-latina.mp3\">http:\/\/www.radioluna.it\/news\/wp-content\/uploads\/2016\/05\/questore-su-latina.mp3<\/a><\/audio>\n<p><strong>IL CASO DEI SIKH<\/strong> &#8211; A domanda il Questore ha parlato anche della situazione degli indiani Sikh impiegati in agricoltura e sfruttati:<\/p>\n<p><audio class=\"wp-audio-shortcode\" id=\"audio-178026-3\" preload=\"none\" style=\"width: 100%;\" controls=\"controls\"><source type=\"audio\/mpeg\" src=\"http:\/\/www.radioluna.it\/news\/wp-content\/uploads\/2016\/05\/questore-sikh.mp3?_=3\" \/><a href=\"http:\/\/www.radioluna.it\/news\/wp-content\/uploads\/2016\/05\/questore-sikh.mp3\">http:\/\/www.radioluna.it\/news\/wp-content\/uploads\/2016\/05\/questore-sikh.mp3<\/a><\/audio><br \/>\n<strong>Una parte dell&#8217;audizione su decisione della presidente della Commissione parlamentare Rosy Bindi \u00e8 stata secretata e dunque non ne possiamo conoscere i contenuti.<\/strong><\/p>\n<p style=\"text-align: justify;\"><strong>L&#8217;INTERVENTO DEL SENATORE MOSCARDELLI<\/strong> &#8211; &#8220;Abbattere il negazionismo che propaganda la provincia tranquilla&#8221;, dice il parlamentare del Pd Claudio Moascardelli che fa parte della Commisisone Antimafia e che nella seduta di ieri ieri ha rivolto domande specifiche al Questore.<br \/>\n&#8220;In tanti anni \u00a0&#8211; scrive Moscardelli in una nota &#8211; e&#8217; stato il pregiudizio pi\u00f9 forte, capace di coprire tutto, di emarginare ogni tentativo di alzare l&#8217;attenzione, di accendere i riflettori per contrastare l&#8217;espansione criminale. Vertici dello stato e in passato della Procura bollavano come allarmismo sociale i tentativi di scuotere politica, istituzioni ed opinione pubblica. Alcuni giornalisti sono stati i soli a tenere alta l&#8217;attenzione ma per il resto silenzio assordante e imbarazzanti negazionisti di professione. Con la nomina in commissione antimafia ho ritenuto indispensabile utilizzare questa opportunit\u00e0 per ottenere 3 obiettivi : 1) accendere i riflettori sulla &#8220;tranquilla provincia di Latina; 2) esercitare ogni possibile pressione politica per sostenere l&#8217;azione di contrasto della criminalit\u00e0 da parte delle forze dell&#8217;ordine e dello Stato; 3) mettere in rilievo il caso Latina, considerato inesistente sino all&#8217;avvento del Questore D&#8217;Angelo e dopo di lui immediatamente rimosso. La missione del&#8217;Antimafia a Latina nel dicembre del 2014 e le audizioni del Prefetto Faloni e del Questore De Matteis hanno fatto emergere la reale situazione della provincia di Latina e del capoluogo. Criminalit\u00e0 organizzata radicata nel territorio, esponenti di primo piano a capo ad elevatissima pericolosit\u00e0 , insieme alla capacit\u00e0 spiccata di relazioni politiche ed istituzionali . A Latina e&#8217; stato squarciato il velo di ipocrisia con l&#8217;emersione dei caratteri veri di alta capacit\u00e0 criminale del clan Ciarelli Di Silvio, la contiguit\u00e0 e i rapporti con parte della politica e con le forze dell&#8217;ordine ed istituzioni. Alto numero di intimidazioni a magistrati e forze di polizia e arresti di componenti di polizia, carabinieri e guardia di finanza al soldo dei clan sono le due facce opposte di una realt\u00e0 sempre negata. Il Questore De Matteis con un&#8217;eccellente relazione ha puntato il dito sulle contiguit\u00e0 e sulla facilit\u00e0 di rapporti tra criminali e politica e istituzioni. Sconcertante la vicenda dell&#8217;interrogazione parlamentare di Maietta ufficialmente presentata e per\u00f2 smentita dal deputato che ha negato di esserne l&#8217;autore. Interrogazione con carattere fortemente intimidatorio nei confronti del Questore. Abbiamo appreso in audizione che l&#8217;autore \u00e8 il dottor Melaragni, l&#8217;ex capo di cabinetto del sindaco Di Giorgi. Come \u00e8 potuto accadere? Di Giorgi era all&#8217;oscuro dell&#8217;iniziativa ? Se si, quale era il ruolo del Melaragni se poteva agire in piena autonomia con iniziative di tipo &#8220;politico&#8221; ? Perch\u00e9 la sua venuta a Latina in un periodo di gravi difficolt\u00e0 e tensioni per le inchieste in corso sul Comune? Si \u00e8 parlato di un ex questore nello staff della squadra di calcio e poi non se ne \u00e8 fatto nulla. Singolare il profilo di un ex questore. C&#8217;era una regia in questa situazione ? Coperture ? Oggi i vertici delle forze dell&#8217;ordine De Matteis, Calvi e Reccia stanno facendo un lavoro eccellente e coraggioso ma non basta. Pu\u00f2 essere bloccato. Molti rapporti e ruoli debbono essere ancora individuati e colpiti. Molti sono ancora i silenzi assordanti di chi ha ruoli istituzionali e politici. Troppi ancora coloro che negano o minimizzano. Tutto questo l&#8217;ho denunciato dal 2006 e all&#8217;inizio sono stato spesso ignorato, attaccato o criticato, con l&#8217;unico sostegno di giornalisti coraggiosi. Occorrono uomini coraggiosi, continuit\u00e0 di azione, salto di qualit\u00e0 dei mezzi con la squadra mobile elevata di fascia o con organico equivalente e sostegno politico all&#8217;azione delle forze dell&#8217;ordine per sradicare le organizzazioni criminali, far emergere legami con economia , professioni e politica per tagliarli &#8230; insomma per far vincere lo Stato!<\/p>\n<p>&nbsp;<\/p>\n<div class=\"radio-posizionamento-telefono-in-articoli-dopo-il-contenuto-articolo radio-entity-placement\" id=\"radio-1887278156\"><div id=\"radio-1547223566\"><a href=\"https:\/\/grupporedi.it\/\" aria-label=\"Redi-Qr\"><img loading=\"lazy\" decoding=\"async\" src=\"https:\/\/www.radioluna.it\/news\/wp-content\/uploads\/2026\/03\/Redi-Qr.jpg\" alt=\"\"  srcset=\"https:\/\/www.radioluna.it\/news\/wp-content\/uploads\/2026\/03\/Redi-Qr.jpg 800w, https:\/\/www.radioluna.it\/news\/wp-content\/uploads\/2026\/03\/Redi-Qr-768x639.jpg 768w\" sizes=\"(max-width: 800px) 100vw, 800px\" width=\"300\" height=\"250\"   \/><\/a><\/div><\/div>","protected":false},"excerpt":{"rendered":"<p>LATINA &#8211;\u00a0Fu Gianfranco Melaragni, capo di gabinetto dell&#8217;ultimo sindaco di Latina, Giovanni Di Giorgi a redigere l&#8217;interrogazione parlamentare contro il Questore Giuseppe De Matteis, depositata alla Camera con la firma \u00a0del deputato di Fratelli D&#8217;Italia, Pasquale Maietta e da quest&#8217;ultimo disconosciuta. Lo ha detto lo stesso Questore mercoled\u00ec 18 maggio nel corso dell&#8217;audizione davanti alla [&hellip;]<\/p>\n","protected":false},"author":62,"featured_media":169866,"comment_status":"open","ping_status":"closed","sticky":false,"template":"","format":"standard","meta":{"footnotes":""},"categories":[2310,7],"tags":[],"class_list":["post-178026","post","type-post","status-publish","format-standard","has-post-thumbnail","hentry","category-audio","category-cronaca"],"_links":{"self":[{"href":"https:\/\/www.radioluna.it\/news\/wp-json\/wp\/v2\/posts\/178026","targetHints":{"allow":["GET"]}}],"collection":[{"href":"https:\/\/www.radioluna.it\/news\/wp-json\/wp\/v2\/posts"}],"about":[{"href":"https:\/\/www.radioluna.it\/news\/wp-json\/wp\/v2\/types\/post"}],"author":[{"embeddable":true,"href":"https:\/\/www.radioluna.it\/news\/wp-json\/wp\/v2\/users\/62"}],"replies":[{"embeddable":true,"href":"https:\/\/www.radioluna.it\/news\/wp-json\/wp\/v2\/comments?post=178026"}],"version-history":[{"count":0,"href":"https:\/\/www.radioluna.it\/news\/wp-json\/wp\/v2\/posts\/178026\/revisions"}],"wp:featuredmedia":[{"embeddable":true,"href":"https:\/\/www.radioluna.it\/news\/wp-json\/wp\/v2\/media\/169866"}],"wp:attachment":[{"href":"https:\/\/www.radioluna.it\/news\/wp-json\/wp\/v2\/media?parent=178026"}],"wp:term":[{"taxonomy":"category","embeddable":true,"href":"https:\/\/www.radioluna.it\/news\/wp-json\/wp\/v2\/categories?post=178026"},{"taxonomy":"post_tag","embeddable":true,"href":"https:\/\/www.radioluna.it\/news\/wp-json\/wp\/v2\/tags?post=178026"}],"curies":[{"name":"wp","href":"https:\/\/api.w.org\/{rel}","templated":true}]}}