{"id":178088,"date":"2016-05-20T15:11:48","date_gmt":"2016-05-20T13:11:48","guid":{"rendered":"http:\/\/www.radioluna.it\/news\/?p=178088"},"modified":"2016-05-23T11:34:54","modified_gmt":"2016-05-23T09:34:54","slug":"un-contratto-di-lago-per-il-bacino-di-sabaudia","status":"publish","type":"post","link":"https:\/\/www.radioluna.it\/news\/2016\/05\/un-contratto-di-lago-per-il-bacino-di-sabaudia\/","title":{"rendered":"Un contratto di Lago per il bacino di Sabaudia"},"content":{"rendered":"<div id=\"fb-root\"><\/div>\n<p style=\"text-align: justify;\"><strong><a href=\"http:\/\/www.radioluna.it\/news\/wp-content\/uploads\/2012\/10\/Lago-sabaudia1-300x225.jpeg\"><img loading=\"lazy\" decoding=\"async\" class=\"aligncenter wp-image-126357 \" src=\"http:\/\/www.radioluna.it\/news\/wp-content\/uploads\/2012\/10\/Lago-sabaudia1-300x225.jpeg\" alt=\"Lago-sabaudia1-300x225\" width=\"403\" height=\"302\" \/><\/a>SABAUDIA<\/strong> &#8211; Per tutelare, gestire e fruire al meglio il Lago di Paola nel rispetto della sostenibilit\u00e0 ambientale, \u00e8 necessario che enti e privati firmino un Contratto di Lago. La proposta arriva da Andrea Bazuro, amministratore del bacino lacustre per conto della propriet\u00e0 Scalfati. Un passo ulteriore del \u00a0percorso partecipato avviato a partire dallo scorso autunno con l&#8217;intento di &#8220;trovare le soluzioni idonee ad un miglioramento complessivo delle condizioni ambientali del Lago di Paola e alla valorizzazione del bacino come risorsa per tutta la comunit\u00e0 locale&#8221;.<\/p>\n<p style=\"text-align: justify;\">E&#8217; stata la Regione Lazio, nelle scorse settimane, a manifestare &#8211; spiega Bazuro &#8211; &#8220;l\u2019interesse dell\u2019ente a supportare tale processo&#8221; \u00a0sulla scia di analoghi processi che stanno riguardando altri fiumi e laghi regionali. Detto fatto.<\/p>\n<p style=\"text-align: justify;\">Gli step sono indicati nel Manifesto d&#8217;intenti sottoposto ora all&#8217;attenzione dei Comuni di Sabaudia e San Felice Circeo, della Provincia, del Parco del Circeo, degli eredi Scalfati e ancora del\u00a0Consorzio di Bonifica dell\u2019Agro Pontino, delle societ\u00e0 che gestiscono attivit\u00e0 sullo specchio lacustre e di Legambiente. (qui allegato <a href=\"http:\/\/www.radioluna.it\/news\/wp-content\/uploads\/2016\/05\/MANIFESTO-DI-INTENTI-LAGO-DI-PAOLA.pdf\">MANIFESTO DI INTENTI LAGO DI PAOLA<\/a>)<\/p>\n<p style=\"text-align: justify;\">Lo stesso documento individua i passi da compiere per arrivare alla firma del contratto di lago a partire dalla costituzione di un comitato promotore, di una\u00a0Segreteria Tecnica Scientifica, di una \u00a0Cabina di Regia con ruolo esecutivo e di un&#8217;Assemblea con ruolo consultivo\/deliberativo per avviare un percorso partecipato che includa tutti gli attori interessati e che porti alla redazione di un piano strategico \u00a0prima e di un piano d&#8217;azione poi.<br \/>\nL&#8217;Ente pi\u00f9 adatto a guidare il percorso \u00a0dal punto di vista organizzativo \u00e8 il Parco Nazionale del Circeo anche se \u00e8 opportuno che &#8220;ogni\u00a0soggetto firmatario si faccia promotore del processo, sensibilizzando e coinvolgendo soggetti e altri portatori di interesse del territorio e dia il proprio attivo contributo all\u2019attivazione e realizzazione del Contratto&#8221;.<\/p>\n<p style=\"text-align: justify;\">Il contratto di Lago viene individuato nella bozza in visione agli enti come lo strumento pi\u00f9 adatto per la &#8220;tutela e il miglioramento della qualit\u00e0 delle acque, la protezione e tutela degli ambienti naturali e della biodiversit\u00e0 autoctona, difesa del suolo, mitigazione del pericolo e del rischio idraulico, tutela del paesaggio e delle bellezze naturali, condivisione delle modalit\u00e0 di gestione, fruizione e uso compatibile degli ambiti lacuali, risoluzione problematiche e criticit\u00e0, educazione e promozione territoriale&#8221;.<\/p>\n<div class=\"radio-posizionamento-telefono-in-articoli-dopo-il-contenuto-articolo radio-entity-placement\" id=\"radio-2560065820\"><div id=\"radio-2218899018\"><a href=\"https:\/\/grupporedi.it\/\" aria-label=\"Redi-Qr\"><img loading=\"lazy\" decoding=\"async\" src=\"https:\/\/www.radioluna.it\/news\/wp-content\/uploads\/2026\/03\/Redi-Qr.jpg\" alt=\"\"  srcset=\"https:\/\/www.radioluna.it\/news\/wp-content\/uploads\/2026\/03\/Redi-Qr.jpg 800w, https:\/\/www.radioluna.it\/news\/wp-content\/uploads\/2026\/03\/Redi-Qr-768x639.jpg 768w\" sizes=\"(max-width: 800px) 100vw, 800px\" width=\"300\" height=\"250\"   \/><\/a><\/div><\/div>","protected":false},"excerpt":{"rendered":"<p>SABAUDIA &#8211; Per tutelare, gestire e fruire al meglio il Lago di Paola nel rispetto della sostenibilit\u00e0 ambientale, \u00e8 necessario che enti e privati firmino un Contratto di Lago. La proposta arriva da Andrea Bazuro, amministratore del bacino lacustre per conto della propriet\u00e0 Scalfati. Un passo ulteriore del \u00a0percorso partecipato avviato a partire dallo scorso [&hellip;]<\/p>\n","protected":false},"author":62,"featured_media":126357,"comment_status":"open","ping_status":"closed","sticky":false,"template":"","format":"standard","meta":{"footnotes":""},"categories":[12],"tags":[],"class_list":["post-178088","post","type-post","status-publish","format-standard","has-post-thumbnail","hentry","category-ambiente"],"_links":{"self":[{"href":"https:\/\/www.radioluna.it\/news\/wp-json\/wp\/v2\/posts\/178088","targetHints":{"allow":["GET"]}}],"collection":[{"href":"https:\/\/www.radioluna.it\/news\/wp-json\/wp\/v2\/posts"}],"about":[{"href":"https:\/\/www.radioluna.it\/news\/wp-json\/wp\/v2\/types\/post"}],"author":[{"embeddable":true,"href":"https:\/\/www.radioluna.it\/news\/wp-json\/wp\/v2\/users\/62"}],"replies":[{"embeddable":true,"href":"https:\/\/www.radioluna.it\/news\/wp-json\/wp\/v2\/comments?post=178088"}],"version-history":[{"count":0,"href":"https:\/\/www.radioluna.it\/news\/wp-json\/wp\/v2\/posts\/178088\/revisions"}],"wp:featuredmedia":[{"embeddable":true,"href":"https:\/\/www.radioluna.it\/news\/wp-json\/wp\/v2\/media\/126357"}],"wp:attachment":[{"href":"https:\/\/www.radioluna.it\/news\/wp-json\/wp\/v2\/media?parent=178088"}],"wp:term":[{"taxonomy":"category","embeddable":true,"href":"https:\/\/www.radioluna.it\/news\/wp-json\/wp\/v2\/categories?post=178088"},{"taxonomy":"post_tag","embeddable":true,"href":"https:\/\/www.radioluna.it\/news\/wp-json\/wp\/v2\/tags?post=178088"}],"curies":[{"name":"wp","href":"https:\/\/api.w.org\/{rel}","templated":true}]}}