{"id":178138,"date":"2016-05-23T09:41:22","date_gmt":"2016-05-23T07:41:22","guid":{"rendered":"http:\/\/www.radioluna.it\/news\/?p=178138"},"modified":"2016-05-23T09:41:22","modified_gmt":"2016-05-23T07:41:22","slug":"zanda-a-latina-per-parlare-della-riforma-costituzionale","status":"publish","type":"post","link":"https:\/\/www.radioluna.it\/news\/2016\/05\/zanda-a-latina-per-parlare-della-riforma-costituzionale\/","title":{"rendered":"Zanda a Latina per parlare della riforma costituzionale"},"content":{"rendered":"<div id=\"fb-root\"><\/div>\n<p style=\"text-align: justify;\"><strong><a href=\"http:\/\/www.radioluna.it\/news\/wp-content\/uploads\/2013\/01\/zanda.jpg\"><img loading=\"lazy\" decoding=\"async\" class=\"alignleft wp-image-130586 size-full\" src=\"http:\/\/www.radioluna.it\/news\/wp-content\/uploads\/2013\/01\/zanda.jpg\" alt=\"zanda\" width=\"339\" height=\"223\" srcset=\"https:\/\/www.radioluna.it\/news\/wp-content\/uploads\/2013\/01\/zanda.jpg 339w, https:\/\/www.radioluna.it\/news\/wp-content\/uploads\/2013\/01\/zanda-300x197.jpg 300w\" sizes=\"auto, (max-width: 339px) 100vw, 339px\" \/><\/a>LATINA<\/strong> &#8211; Luned\u00ec 23 maggio, l\u2019Open Point di Enrico Forte ospiter\u00e0 un incontro con Luigi Zanda, capogruppo del PD al Senato. L&#8217;appuntamento (alle\u00a017,30) vuole essere &#8220;un\u2019occasione di confronto sulla riforma costituzionale e sulle politiche del Governo in relazione alle attivit\u00e0 dei Comuni e delle amministrazioni locali&#8221;. All\u2019incontro interverranno il senatore del PD Claudio Moscardelli e il candidato sindaco di Latina Enrico Forte.<br \/>\nEletto per la prima volta senatore nel 2003, confermato nel 2006 con L&#8217;Ulivo e nel 2008 con il Partito Democratico,<br \/>\nZanda ha un rapporto con la provincia di Latina cominciato come consigliere onorario della Fondazione Caetani, che gestisce il Monumento Naturale Giardino di Ninfa e il Castello di Sermoneta. Il 19 marzo 2013, dopo aver ottenuto il quarto mandato in Senato alle elezioni politiche dello stesso anno, \u00e8 stato eletto per acclamazione capogruppo del Partito Democratico a Palazzo Madama.<br \/>\n\u00abGrazie all\u2019esperienza e alla competenza del senatore Zanda \u2013 sottolinea il segretario del PD di Latina Andrea Giansanti \u2013 sar\u00e0 possibile approfondire alcuni temi di grande attualit\u00e0 relativi alla riforma costituzionale e ai rapporti tra i cittadini e le Istituzioni, specie quelle pi\u00f9 prossime come i Comuni. La riforma aiuter\u00e0 a definire meglio i confini di azione di ciascun Ente e a evidenziare in maniera chiara le competenze di ogni livello, nell\u2019interesse delle comunit\u00e0 di riferimento\u00bb.<\/p>\n<div class=\"radio-posizionamento-telefono-in-articoli-dopo-il-contenuto-articolo radio-entity-placement\" id=\"radio-3465827313\"><div id=\"radio-1112450364\"><a href=\"https:\/\/www.simeoneceramiche.com\/\" aria-label=\"SIMEONE CERAMICHE GIF animata per radioluna_Tavola disegno 1 copia 2 (online-video-cutter.com)\"><img loading=\"lazy\" decoding=\"async\" src=\"https:\/\/www.radioluna.it\/news\/wp-content\/uploads\/2025\/05\/SIMEONE-CERAMICHE-GIF-animata-per-radioluna_Tavola-disegno-1-copia-2-online-video-cutter.com_.gif\" alt=\"\"  width=\"300\" height=\"250\"   \/><\/a><\/div><\/div>","protected":false},"excerpt":{"rendered":"<p>LATINA &#8211; Luned\u00ec 23 maggio, l\u2019Open Point di Enrico Forte ospiter\u00e0 un incontro con Luigi Zanda, capogruppo del PD al Senato. L&#8217;appuntamento (alle\u00a017,30) vuole essere &#8220;un\u2019occasione di confronto sulla riforma costituzionale e sulle politiche del Governo in relazione alle attivit\u00e0 dei Comuni e delle amministrazioni locali&#8221;. All\u2019incontro interverranno il senatore del PD Claudio Moscardelli e [&hellip;]<\/p>\n","protected":false},"author":62,"featured_media":130586,"comment_status":"open","ping_status":"closed","sticky":false,"template":"","format":"standard","meta":{"footnotes":""},"categories":[8],"tags":[],"class_list":["post-178138","post","type-post","status-publish","format-standard","has-post-thumbnail","hentry","category-politica"],"_links":{"self":[{"href":"https:\/\/www.radioluna.it\/news\/wp-json\/wp\/v2\/posts\/178138","targetHints":{"allow":["GET"]}}],"collection":[{"href":"https:\/\/www.radioluna.it\/news\/wp-json\/wp\/v2\/posts"}],"about":[{"href":"https:\/\/www.radioluna.it\/news\/wp-json\/wp\/v2\/types\/post"}],"author":[{"embeddable":true,"href":"https:\/\/www.radioluna.it\/news\/wp-json\/wp\/v2\/users\/62"}],"replies":[{"embeddable":true,"href":"https:\/\/www.radioluna.it\/news\/wp-json\/wp\/v2\/comments?post=178138"}],"version-history":[{"count":0,"href":"https:\/\/www.radioluna.it\/news\/wp-json\/wp\/v2\/posts\/178138\/revisions"}],"wp:featuredmedia":[{"embeddable":true,"href":"https:\/\/www.radioluna.it\/news\/wp-json\/wp\/v2\/media\/130586"}],"wp:attachment":[{"href":"https:\/\/www.radioluna.it\/news\/wp-json\/wp\/v2\/media?parent=178138"}],"wp:term":[{"taxonomy":"category","embeddable":true,"href":"https:\/\/www.radioluna.it\/news\/wp-json\/wp\/v2\/categories?post=178138"},{"taxonomy":"post_tag","embeddable":true,"href":"https:\/\/www.radioluna.it\/news\/wp-json\/wp\/v2\/tags?post=178138"}],"curies":[{"name":"wp","href":"https:\/\/api.w.org\/{rel}","templated":true}]}}