{"id":178148,"date":"2016-05-23T12:24:32","date_gmt":"2016-05-23T10:24:32","guid":{"rendered":"http:\/\/www.radioluna.it\/news\/?p=178148"},"modified":"2016-05-23T12:24:32","modified_gmt":"2016-05-23T10:24:32","slug":"formia-listituto-fermi-compie-50-anni","status":"publish","type":"post","link":"https:\/\/www.radioluna.it\/news\/2016\/05\/formia-listituto-fermi-compie-50-anni\/","title":{"rendered":"Formia, l\u2019Istituto Fermi compie 50 anni"},"content":{"rendered":"<div id=\"fb-root\"><\/div>\n<p style=\"text-align: justify;\"><strong><a href=\"http:\/\/www.radioluna.it\/news\/wp-content\/uploads\/2016\/05\/Testata-sito-professionale-50anni.jpg\"><img loading=\"lazy\" decoding=\"async\" class=\"aligncenter size-thumbnail wp-image-178149\" src=\"http:\/\/www.radioluna.it\/news\/wp-content\/uploads\/2016\/05\/Testata-sito-professionale-50anni-689x215.jpg\" alt=\"Testata-sito-professionale-50anni\" width=\"689\" height=\"215\" srcset=\"https:\/\/www.radioluna.it\/news\/wp-content\/uploads\/2016\/05\/Testata-sito-professionale-50anni-689x215.jpg 689w, https:\/\/www.radioluna.it\/news\/wp-content\/uploads\/2016\/05\/Testata-sito-professionale-50anni-300x94.jpg 300w, https:\/\/www.radioluna.it\/news\/wp-content\/uploads\/2016\/05\/Testata-sito-professionale-50anni-800x250.jpg 800w, https:\/\/www.radioluna.it\/news\/wp-content\/uploads\/2016\/05\/Testata-sito-professionale-50anni.jpg 961w\" sizes=\"auto, (max-width: 689px) 100vw, 689px\" \/><\/a>FORMIA<\/strong> \u2013\u00a0\u00a0 L\u2019Istituto Professionale per l\u2019Industria e l\u2019Artigianato \u201cEnrico Fermi\u201d di Formia compie cinquant\u2019anni. Per celebrare la ricorrenza la scuola ha promosso una due giorni di eventi in collaborazione con il Comune di e con il patrocinio di Regione Lazio e Provincia di Latina.<\/p>\n<p style=\"text-align: justify;\">IL PROGRAMMA &#8211; \u00a0 \u00a0 \u00a0 \u00a0Il programma parte mercoled\u00ec 25 maggio alle ore 10 presso la sede dell\u2019IPIA \u201cFermi\u201d di via E. Filiberto. Per l\u2019occasione sar\u00e0 effettuato un annullo postale speciale su quattro cartoline commemorative che conterranno il logo del cinquantenario ideato da un\u2019alunna del corso ad indirizzo grafico pubblicitario vincitrice del concorso interno indetto tra gli alunni dell\u2019Istituto proprio in previsione della ricorrenza. Seguiranno testimonianze di ex dirigenti, docenti e alunni che racconteranno i momenti di vita della scuola. Una mostra cartografica e fotografica dal titolo \u201cLavoro e Territorio\u201d, allestita in Istituto dal circolo filatelico locale \u201cM.T. Cicerone\u201d, presenter\u00e0 tratti del percorso storico artigianale, commerciale e industriale della citt\u00e0 di Formia. Gli alunni allieteranno la serata con il \u201cFermi in festa\u201d.<\/p>\n<p style=\"text-align: justify;\">\u00a0\u00a0 \u00a0Le celebrazioni proseguiranno gioved\u00ec 26 maggio con il convegno dal titolo \u201cScuola, lavoro e Territorio\u201d, in programma alle ore 16 presso la sala conferenze del centro CONI di Formia. L\u2019incontro, incentrato sull\u2019alternanza scuola-lavoro di cui gli Istituti Professionali sono stati pionieri gi\u00e0 dai primi anni \u201990 avr\u00e0 come obiettivo quello di evidenziare la validit\u00e0 delle sinergie formative tra scuola, istruzione professionale, formazione, universit\u00e0, aziende ed locali e il contributo offerto dall\u2019IPIA \u201cFermi\u201d di Formia alla formazione dei giovani durante lo sviluppo socio-economico del territorio sin dai tempi della sua istituzione. Si far\u00e0 inoltre il punto sulle \u201cbuone pratiche\u201d attivate per favorire l\u2019inserimento dei giovani nel mondo del lavoro. Al Convegno interverranno rappresentanti di Enti locali, Universit\u00e0 di Cassino, Ordini Professionali (Periti industriali e Ingegneri) e di aziende che collaborazione con la scuola.<\/p>\n<p style=\"text-align: justify;\"><strong>UN PO&#8217; DI STORIA<\/strong> &#8211; \u00a0L\u2019IPIA \u201cFermi\u201d nasce nel cuore del Rione Mola, in continuit\u00e0 con la Scuola Tecnica Industriale per Meccanici, soppressa dall\u2019anno scolastico 1966\/67, all\u2019interno dell\u2019Istituto \u201cVitruvio Pollione\u201d che accoglieva a quel tempo l\u2019Avviamento Professionale Industriale, poi Scuola Media unificata, e l\u2019annessa Scuola Tecnica Industriale biennale a cui accedevano gli alunni dell\u2019Avviamento. Nell\u2019anno scolastico 1962\/63, per volont\u00e0 del Consiglio di Amministrazione della Scuola Tecnica, inizia il primo corso sperimentale dell\u2019Istituto Professionale con la sezione dei \u201cCongegnatori Meccanici\u201d, aggregata all\u2019IPSIA di Latina. La sua nascita evidenziava una chiara volont\u00e0 degli &#8220;uomini di scuola&#8221; e degli\u00a0 amministratori del tempo di creare professionalit\u00e0 che rispondevano alle esigenze del proprio territorio. Da quattro sezioni e altrettante classi, con l\u2019inserimento di altri percorsi di qualifica come l\u2019Operatore Chimico e poi Chimico Biologico, la scuola crebbe in pochi anni superando le trenta classi tanto che furono aperte succursali al \u201cDon Bosco\u201d nella sede di Acquatraversa di Formia e a Castelforte. Dall\u2019anno scolastico 1972\/73 iniziano i corsi sperimentali post qualifica per l\u2019acquisizione di un diploma di Tecnico quinquiennale. Il desiderio di unificazione, mosso anche dalle difficolt\u00e0 logistiche delle sedi staccate, suscit\u00f2 i moti di agitazione e gli scioperi degli anni 1975 e 1976. La risoluzione del Comune di Formia, pi\u00f9 volte sollecitato dagli \u201cinterventisti del Fermi\u201d, port\u00f2 al trasferimento graduale di tutti gli alunni del professionale, negli anni 1976 e 1977, nell\u2019edificio dell\u2019ex \u201cPastificio Aprea, acquistato dal Comune, attuale sede dell\u2019Istituto \u201cE.Fermi\u201d, sotto le presidenze dei professori Giuseppe Marvaso e poi Remo Finocchiaro, via via che venivano effettuati lavori ed ampliamenti, principalmente nei locali adibiti a laboratori.<\/p>\n<p>\u00a0L\u2019offerta formativa dell\u2019Istituto \u201cE.Fermi\u201d si \u00e8 evoluta nel tempo passando dagli Operatori e Tecnici dell\u2019industria meccanica, elettrica ed\u00a0 elettronica e del settore chimico biologico e della Grafica Pubblicitaria, alle attuali figure professionali degli indirizzi di Manutenzione ed Assistenza Tecnica con le opzioni di \u201cManutenzione dei mezzi di trasporto\u201d e di\u00a0 \u201cApparati, impianti e servizi tecnici industriali e civili\u201d, di Produzioni Industriali ed artigianali e dei Servizi Commerciali con opzione Promozione Commerciale e Pubblicitaria. Continuano inoltre ad essere rilasciate dall\u2019istituto, in regime di sussidiariet\u00e0 integrativa con la Regione Lazio, le qualifiche al termine del terzo anno,\u00a0 di Operatore meccanico, elettronico, elettrico, chimico e grafico multimediale.<\/p>\n","protected":false},"excerpt":{"rendered":"<p>FORMIA \u2013\u00a0\u00a0 L\u2019Istituto Professionale per l\u2019Industria e l\u2019Artigianato \u201cEnrico Fermi\u201d di Formia compie cinquant\u2019anni. Per celebrare la ricorrenza la scuola ha promosso una due giorni di eventi in collaborazione con il Comune di e con il patrocinio di Regione Lazio e Provincia di Latina. IL PROGRAMMA &#8211; \u00a0 \u00a0 \u00a0 \u00a0Il programma parte mercoled\u00ec 25 [&hellip;]<\/p>\n","protected":false},"author":60,"featured_media":178149,"comment_status":"open","ping_status":"closed","sticky":false,"template":"","format":"standard","meta":{"footnotes":""},"categories":[248],"tags":[],"class_list":["post-178148","post","type-post","status-publish","format-standard","has-post-thumbnail","hentry","category-istruzione"],"_links":{"self":[{"href":"https:\/\/www.radioluna.it\/news\/wp-json\/wp\/v2\/posts\/178148","targetHints":{"allow":["GET"]}}],"collection":[{"href":"https:\/\/www.radioluna.it\/news\/wp-json\/wp\/v2\/posts"}],"about":[{"href":"https:\/\/www.radioluna.it\/news\/wp-json\/wp\/v2\/types\/post"}],"author":[{"embeddable":true,"href":"https:\/\/www.radioluna.it\/news\/wp-json\/wp\/v2\/users\/60"}],"replies":[{"embeddable":true,"href":"https:\/\/www.radioluna.it\/news\/wp-json\/wp\/v2\/comments?post=178148"}],"version-history":[{"count":0,"href":"https:\/\/www.radioluna.it\/news\/wp-json\/wp\/v2\/posts\/178148\/revisions"}],"wp:featuredmedia":[{"embeddable":true,"href":"https:\/\/www.radioluna.it\/news\/wp-json\/wp\/v2\/media\/178149"}],"wp:attachment":[{"href":"https:\/\/www.radioluna.it\/news\/wp-json\/wp\/v2\/media?parent=178148"}],"wp:term":[{"taxonomy":"category","embeddable":true,"href":"https:\/\/www.radioluna.it\/news\/wp-json\/wp\/v2\/categories?post=178148"},{"taxonomy":"post_tag","embeddable":true,"href":"https:\/\/www.radioluna.it\/news\/wp-json\/wp\/v2\/tags?post=178148"}],"curies":[{"name":"wp","href":"https:\/\/api.w.org\/{rel}","templated":true}]}}