{"id":178155,"date":"2016-05-24T07:13:40","date_gmt":"2016-05-24T05:13:40","guid":{"rendered":"http:\/\/www.radioluna.it\/news\/?p=178155"},"modified":"2016-05-24T07:13:40","modified_gmt":"2016-05-24T05:13:40","slug":"a-latina-la-european-football-week","status":"publish","type":"post","link":"https:\/\/www.radioluna.it\/news\/2016\/05\/a-latina-la-european-football-week\/","title":{"rendered":"A Latina la European Football Week"},"content":{"rendered":"<div id=\"fb-root\"><\/div>\n<p style=\"text-align: justify;\"><strong><a href=\"http:\/\/www.radioluna.it\/news\/wp-content\/uploads\/2016\/05\/samagor.jpg\"><img loading=\"lazy\" decoding=\"async\" class=\"aligncenter size-thumbnail wp-image-178177\" src=\"http:\/\/www.radioluna.it\/news\/wp-content\/uploads\/2016\/05\/samagor-689x517.jpg\" alt=\"samagor\" width=\"689\" height=\"517\" srcset=\"https:\/\/www.radioluna.it\/news\/wp-content\/uploads\/2016\/05\/samagor-689x517.jpg 689w, https:\/\/www.radioluna.it\/news\/wp-content\/uploads\/2016\/05\/samagor-300x225.jpg 300w, https:\/\/www.radioluna.it\/news\/wp-content\/uploads\/2016\/05\/samagor.jpg 697w\" sizes=\"auto, (max-width: 689px) 100vw, 689px\" \/><\/a>LATINA<\/strong> &#8211; La\u00a0European Football Week, XVI edizione organizzata da Special Olympics con il supporto della\u00a0UEFA, ha fatto tappa luned\u00ec \u00a0a Latina alla\u00a0Samagor, \u00a0alla presenza di centinaia di studenti della scuole elementari e medie del capoluogo. Padroni di casa il presidente provinciale Giovanni Di Giorgi e l&#8217;allenatore Andrea Chiappini.<br \/>\nAd aprire la cerimonia dei giochi \u00e8 stata Cinzia, un\u2019atleta di Latina con disabilit\u00e0 intellettiva che ha recitato il classico giuramento che precede ogni manifestazione di Special Olympics.<br \/>\nIn campo anche tanti giovani volontari, coordinati dal vice presidente di Special Olympics Latina, Maria Rosa Testa.<br \/>\nLa European Football Week trae ispirazione dalla &#8220;call to action&#8221; della Campagna\u00a0#PlayUnified con la quale si vogliono motivare i giovani con e senza disabilit\u00e0 intellettiva a scendere in campo, a superare le barriere, instaurare nuove amicizie per una societ\u00e0 pi\u00f9 aperta ed accogliente. In particolare, il gioco del\u00a0calcio unificato\u00a0prevede la presenza di squadre composte da tre atleti con disabilit\u00e0 e due atleti partner.<br \/>\nL\u2019iniziativa, che in questa settimana si svolger\u00e0 in tutta Italia, \u00e8 realizzata con il patrocinio della\u00a0FIGC, della\u00a0Lega Serie A, della\u00a0Lega Serie B, dell&#8217;AIC, dell&#8217;AIA, dell&#8217;AIAC\u00a0e dell&#8217;LND Settore Calcio Femminile. Sono organizzate\u00a016 tappe, con circa\u00a04.000 partecipanti.<br \/>\n\u201cSiamo molto soddisfatti del lavoro svolto e dei risultati ottenuti \u2013 ha affermato Maria Rosa Testa \u2013 che significa che molte persone si stanno avvicinando al mondo Special Olympics e allo sport unificato. Una esperienza di grande valore, specie per i pi\u00f9 giovani, che ci fa cogliere alcuni aspetti importanti della vita che ai pi\u00f9 sfuggono, travolti dai ritmi della quotidianit\u00e0. Un ringraziamento a tutti i partecipanti, alle scuole e ai tanti volontari.\u201d<\/p>\n<div class=\"radio-posizionamento-telefono-in-articoli-dopo-il-contenuto-articolo radio-entity-placement\" id=\"radio-2786663242\"><div id=\"radio-3053058225\"><a href=\"https:\/\/grupporedi.it\/\" aria-label=\"Redi-Qr\"><img loading=\"lazy\" decoding=\"async\" src=\"https:\/\/www.radioluna.it\/news\/wp-content\/uploads\/2026\/03\/Redi-Qr.jpg\" alt=\"\"  srcset=\"https:\/\/www.radioluna.it\/news\/wp-content\/uploads\/2026\/03\/Redi-Qr.jpg 800w, https:\/\/www.radioluna.it\/news\/wp-content\/uploads\/2026\/03\/Redi-Qr-768x639.jpg 768w\" sizes=\"(max-width: 800px) 100vw, 800px\" width=\"300\" height=\"250\"   \/><\/a><\/div><\/div>","protected":false},"excerpt":{"rendered":"<p>LATINA &#8211; La\u00a0European Football Week, XVI edizione organizzata da Special Olympics con il supporto della\u00a0UEFA, ha fatto tappa luned\u00ec \u00a0a Latina alla\u00a0Samagor, \u00a0alla presenza di centinaia di studenti della scuole elementari e medie del capoluogo. Padroni di casa il presidente provinciale Giovanni Di Giorgi e l&#8217;allenatore Andrea Chiappini. Ad aprire la cerimonia dei giochi \u00e8 [&hellip;]<\/p>\n","protected":false},"author":62,"featured_media":178177,"comment_status":"open","ping_status":"closed","sticky":false,"template":"","format":"standard","meta":{"footnotes":""},"categories":[17],"tags":[],"class_list":["post-178155","post","type-post","status-publish","format-standard","has-post-thumbnail","hentry","category-sport"],"_links":{"self":[{"href":"https:\/\/www.radioluna.it\/news\/wp-json\/wp\/v2\/posts\/178155","targetHints":{"allow":["GET"]}}],"collection":[{"href":"https:\/\/www.radioluna.it\/news\/wp-json\/wp\/v2\/posts"}],"about":[{"href":"https:\/\/www.radioluna.it\/news\/wp-json\/wp\/v2\/types\/post"}],"author":[{"embeddable":true,"href":"https:\/\/www.radioluna.it\/news\/wp-json\/wp\/v2\/users\/62"}],"replies":[{"embeddable":true,"href":"https:\/\/www.radioluna.it\/news\/wp-json\/wp\/v2\/comments?post=178155"}],"version-history":[{"count":0,"href":"https:\/\/www.radioluna.it\/news\/wp-json\/wp\/v2\/posts\/178155\/revisions"}],"wp:featuredmedia":[{"embeddable":true,"href":"https:\/\/www.radioluna.it\/news\/wp-json\/wp\/v2\/media\/178177"}],"wp:attachment":[{"href":"https:\/\/www.radioluna.it\/news\/wp-json\/wp\/v2\/media?parent=178155"}],"wp:term":[{"taxonomy":"category","embeddable":true,"href":"https:\/\/www.radioluna.it\/news\/wp-json\/wp\/v2\/categories?post=178155"},{"taxonomy":"post_tag","embeddable":true,"href":"https:\/\/www.radioluna.it\/news\/wp-json\/wp\/v2\/tags?post=178155"}],"curies":[{"name":"wp","href":"https:\/\/api.w.org\/{rel}","templated":true}]}}