{"id":178168,"date":"2016-05-23T18:32:04","date_gmt":"2016-05-23T16:32:04","guid":{"rendered":"http:\/\/www.radioluna.it\/news\/?p=178168"},"modified":"2016-05-23T18:32:04","modified_gmt":"2016-05-23T16:32:04","slug":"legalita-e-trasparenza-se-ne-parla-al-point-di-forte-con-cioffredi","status":"publish","type":"post","link":"https:\/\/www.radioluna.it\/news\/2016\/05\/legalita-e-trasparenza-se-ne-parla-al-point-di-forte-con-cioffredi\/","title":{"rendered":"Legalit\u00e0 e trasparenza, se ne parla al point di Forte con Cioffredi"},"content":{"rendered":"<div id=\"fb-root\"><\/div>\n<p style=\"text-align: justify;\"><strong><a href=\"http:\/\/www.radioluna.it\/news\/wp-content\/uploads\/2015\/11\/enrico-forte-conferenza.jpg\"><img loading=\"lazy\" decoding=\"async\" class=\"aligncenter size-thumbnail wp-image-171115\" src=\"http:\/\/www.radioluna.it\/news\/wp-content\/uploads\/2015\/11\/enrico-forte-conferenza-635x422.jpg\" alt=\"enrico forte\" width=\"635\" height=\"422\" srcset=\"https:\/\/www.radioluna.it\/news\/wp-content\/uploads\/2015\/11\/enrico-forte-conferenza-635x422.jpg 635w, https:\/\/www.radioluna.it\/news\/wp-content\/uploads\/2015\/11\/enrico-forte-conferenza-768x511.jpg 768w, https:\/\/www.radioluna.it\/news\/wp-content\/uploads\/2015\/11\/enrico-forte-conferenza-500x333.jpg 500w, https:\/\/www.radioluna.it\/news\/wp-content\/uploads\/2015\/11\/enrico-forte-conferenza-600x400.jpg 600w, https:\/\/www.radioluna.it\/news\/wp-content\/uploads\/2015\/11\/enrico-forte-conferenza-300x200.jpg 300w, https:\/\/www.radioluna.it\/news\/wp-content\/uploads\/2015\/11\/enrico-forte-conferenza.jpg 800w\" sizes=\"auto, (max-width: 635px) 100vw, 635px\" \/><\/a>LATINA &#8211;<\/strong> Legalit\u00e0 e trasparenza rappresentano i punti chiave della ricostruzione della citt\u00e0 e la sfida che \u00e8 stata lanciata per la prossima amministrazione.<br \/>\nSe ne parler\u00e0 nel corso di un incontro pubblico in programma mercoled\u00ec 25 maggio alle 18, presso il Point elettorale di Corso della Repubblica 88, con Enrico Forte, Giovanni Malinconico e Gianpiero Cioffredi, presidente dell\u2019Osservatorio per la sicurezza e la legalit\u00e0 della Regione Lazio.<br \/>\n\u201cLe notizie dell\u2019intreccio tra una certa politica e il malaffare \u2013 spiega Giovanni Malinconico, capolista della lista Enrico Forte Sindaco &#8211; impongono l\u2019immediata attuazione di strategie di intervento che impediscano ogni forma di contiguit\u00e0 tra amministrazione e realt\u00e0 criminali. Il futuro governo della citt\u00e0 si trover\u00e0 ad affrontare nodi cruciali che riguardano la gestione di servizi e opere importanti. Per questo \u00e8 necessario attuare da subito piani di legalit\u00e0 e trasparenza, con l\u2019obiettivo di creare occasioni di sviluppo sano per le nostre aziende e riattivare la partecipazione alla cosa pubblica e il senso di fiducia dei cittadini nella buona politica\u201d.<br \/>\nL\u2019appuntamento \u00e8 mercoled\u00ec 25 maggio alle 18 presso il Point elettorale di Enrico Forte in Corso della Repubblica 88.<\/p>\n<div class=\"radio-posizionamento-telefono-in-articoli-dopo-il-contenuto-articolo radio-entity-placement\" id=\"radio-914198637\"><div id=\"radio-463852998\"><a href=\"https:\/\/grupporedi.it\/\" aria-label=\"Redi-Qr\"><img loading=\"lazy\" decoding=\"async\" src=\"https:\/\/www.radioluna.it\/news\/wp-content\/uploads\/2026\/03\/Redi-Qr.jpg\" alt=\"\"  srcset=\"https:\/\/www.radioluna.it\/news\/wp-content\/uploads\/2026\/03\/Redi-Qr.jpg 800w, https:\/\/www.radioluna.it\/news\/wp-content\/uploads\/2026\/03\/Redi-Qr-768x639.jpg 768w\" sizes=\"(max-width: 800px) 100vw, 800px\" width=\"300\" height=\"250\"   \/><\/a><\/div><\/div>","protected":false},"excerpt":{"rendered":"<p>LATINA &#8211; Legalit\u00e0 e trasparenza rappresentano i punti chiave della ricostruzione della citt\u00e0 e la sfida che \u00e8 stata lanciata per la prossima amministrazione. Se ne parler\u00e0 nel corso di un incontro pubblico in programma mercoled\u00ec 25 maggio alle 18, presso il Point elettorale di Corso della Repubblica 88, con Enrico Forte, Giovanni Malinconico e [&hellip;]<\/p>\n","protected":false},"author":60,"featured_media":171115,"comment_status":"open","ping_status":"closed","sticky":false,"template":"","format":"standard","meta":{"footnotes":""},"categories":[8],"tags":[],"class_list":["post-178168","post","type-post","status-publish","format-standard","has-post-thumbnail","hentry","category-politica"],"_links":{"self":[{"href":"https:\/\/www.radioluna.it\/news\/wp-json\/wp\/v2\/posts\/178168","targetHints":{"allow":["GET"]}}],"collection":[{"href":"https:\/\/www.radioluna.it\/news\/wp-json\/wp\/v2\/posts"}],"about":[{"href":"https:\/\/www.radioluna.it\/news\/wp-json\/wp\/v2\/types\/post"}],"author":[{"embeddable":true,"href":"https:\/\/www.radioluna.it\/news\/wp-json\/wp\/v2\/users\/60"}],"replies":[{"embeddable":true,"href":"https:\/\/www.radioluna.it\/news\/wp-json\/wp\/v2\/comments?post=178168"}],"version-history":[{"count":0,"href":"https:\/\/www.radioluna.it\/news\/wp-json\/wp\/v2\/posts\/178168\/revisions"}],"wp:featuredmedia":[{"embeddable":true,"href":"https:\/\/www.radioluna.it\/news\/wp-json\/wp\/v2\/media\/171115"}],"wp:attachment":[{"href":"https:\/\/www.radioluna.it\/news\/wp-json\/wp\/v2\/media?parent=178168"}],"wp:term":[{"taxonomy":"category","embeddable":true,"href":"https:\/\/www.radioluna.it\/news\/wp-json\/wp\/v2\/categories?post=178168"},{"taxonomy":"post_tag","embeddable":true,"href":"https:\/\/www.radioluna.it\/news\/wp-json\/wp\/v2\/tags?post=178168"}],"curies":[{"name":"wp","href":"https:\/\/api.w.org\/{rel}","templated":true}]}}