{"id":178169,"date":"2016-05-23T18:43:37","date_gmt":"2016-05-23T16:43:37","guid":{"rendered":"http:\/\/www.radioluna.it\/news\/?p=178169"},"modified":"2016-05-23T18:43:37","modified_gmt":"2016-05-23T16:43:37","slug":"creo-opportuno-e-necessario-un-impegno-per-il-sociale","status":"publish","type":"post","link":"https:\/\/www.radioluna.it\/news\/2016\/05\/creo-opportuno-e-necessario-un-impegno-per-il-sociale\/","title":{"rendered":"Creo: &#8220;Opportuno e necessario un impegno per il sociale&#8221;"},"content":{"rendered":"<div id=\"fb-root\"><\/div>\n<p style=\"text-align: justify;\"><strong><a href=\"http:\/\/www.radioluna.it\/news\/wp-content\/uploads\/2011\/04\/BRUNO-CREO.jpg\"><img loading=\"lazy\" decoding=\"async\" class=\"alignleft wp-image-91982 size-full\" src=\"http:\/\/www.radioluna.it\/news\/wp-content\/uploads\/2011\/04\/BRUNO-CREO.jpg\" alt=\"BRUNO-CREO\" width=\"151\" height=\"200\" \/><\/a>LATINA &#8211;<\/strong> \u201cDiventa improcrastinabile una maggiore attenzione al settore relativo dei servizi sociali ed al servizio della persona.<br \/>\nE\u2019 necessario un opportuno impegno per risolvere alcune annose problematiche sociali, a sostegno dei cittadini con disabilit\u00e0.\u00a0Sono fondamentali alcune iniziative come l\u2019istituzione di un servizio trasporti con apposite navette e relative fermate ed opportune segnaletiche.<br \/>\nSicuramente altra importante iniziativa \u00e8 quella di dotare la piscina comunale di apposito sollevatore per idroterapia ai fini del percorso di riabilitazione.<br \/>\nPiccole attenzioni, che producono grandi risultati per una fascia sociale di concittadini bisognosi di interventi pregnanti di dignit\u00e0 e di sostegno alla loro quotidianit\u00e0 per una citt\u00e0 veramente solidale\u201d.<\/p>\n<p>Lo dichiara il candidato al Consiglio Comunale con la lista Calvi, Bruno Creo<\/p>\n<div class=\"radio-posizionamento-telefono-in-articoli-dopo-il-contenuto-articolo radio-entity-placement\" id=\"radio-429720319\"><div id=\"radio-580107992\" style=\"width: 300px;height: 250px;\"><a href=\"https:\/\/www.icarspa.it\/auto\/usate\/latina\/\" aria-label=\"banner aprile icar new life &#8211; auto usate latina\"><img loading=\"lazy\" decoding=\"async\" src=\"https:\/\/www.radioluna.it\/news\/wp-content\/uploads\/2026\/02\/banner-aprile-icar-new-life-auto-usate-latina.gif\" alt=\"\"  width=\"300\" height=\"250\"   \/><\/a><\/div><\/div>","protected":false},"excerpt":{"rendered":"<p>LATINA &#8211; \u201cDiventa improcrastinabile una maggiore attenzione al settore relativo dei servizi sociali ed al servizio della persona. E\u2019 necessario un opportuno impegno per risolvere alcune annose problematiche sociali, a sostegno dei cittadini con disabilit\u00e0.\u00a0Sono fondamentali alcune iniziative come l\u2019istituzione di un servizio trasporti con apposite navette e relative fermate ed opportune segnaletiche. Sicuramente altra [&hellip;]<\/p>\n","protected":false},"author":60,"featured_media":0,"comment_status":"open","ping_status":"closed","sticky":false,"template":"","format":"standard","meta":{"footnotes":""},"categories":[8],"tags":[],"class_list":["post-178169","post","type-post","status-publish","format-standard","hentry","category-politica"],"_links":{"self":[{"href":"https:\/\/www.radioluna.it\/news\/wp-json\/wp\/v2\/posts\/178169","targetHints":{"allow":["GET"]}}],"collection":[{"href":"https:\/\/www.radioluna.it\/news\/wp-json\/wp\/v2\/posts"}],"about":[{"href":"https:\/\/www.radioluna.it\/news\/wp-json\/wp\/v2\/types\/post"}],"author":[{"embeddable":true,"href":"https:\/\/www.radioluna.it\/news\/wp-json\/wp\/v2\/users\/60"}],"replies":[{"embeddable":true,"href":"https:\/\/www.radioluna.it\/news\/wp-json\/wp\/v2\/comments?post=178169"}],"version-history":[{"count":0,"href":"https:\/\/www.radioluna.it\/news\/wp-json\/wp\/v2\/posts\/178169\/revisions"}],"wp:attachment":[{"href":"https:\/\/www.radioluna.it\/news\/wp-json\/wp\/v2\/media?parent=178169"}],"wp:term":[{"taxonomy":"category","embeddable":true,"href":"https:\/\/www.radioluna.it\/news\/wp-json\/wp\/v2\/categories?post=178169"},{"taxonomy":"post_tag","embeddable":true,"href":"https:\/\/www.radioluna.it\/news\/wp-json\/wp\/v2\/tags?post=178169"}],"curies":[{"name":"wp","href":"https:\/\/api.w.org\/{rel}","templated":true}]}}