{"id":178170,"date":"2016-05-23T18:46:38","date_gmt":"2016-05-23T16:46:38","guid":{"rendered":"http:\/\/www.radioluna.it\/news\/?p=178170"},"modified":"2016-05-23T18:46:38","modified_gmt":"2016-05-23T16:46:38","slug":"le-proposte-di-latina-bene-comune-per-lo-sport-e-i-giovani","status":"publish","type":"post","link":"https:\/\/www.radioluna.it\/news\/2016\/05\/le-proposte-di-latina-bene-comune-per-lo-sport-e-i-giovani\/","title":{"rendered":"Le proposte di Latina bene comune per lo sport e i giovani"},"content":{"rendered":"<div id=\"fb-root\"><\/div>\n<p style=\"text-align: justify;\"><strong><a href=\"http:\/\/www.radioluna.it\/news\/wp-content\/uploads\/2016\/02\/damiano-coletta-LBC.jpg\"><img loading=\"lazy\" decoding=\"async\" class=\"aligncenter size-thumbnail wp-image-173581\" src=\"http:\/\/www.radioluna.it\/news\/wp-content\/uploads\/2016\/02\/damiano-coletta-LBC-635x423.jpg\" alt=\"damiano coletta LBC\" width=\"635\" height=\"423\" srcset=\"https:\/\/www.radioluna.it\/news\/wp-content\/uploads\/2016\/02\/damiano-coletta-LBC-635x423.jpg 635w, https:\/\/www.radioluna.it\/news\/wp-content\/uploads\/2016\/02\/damiano-coletta-LBC-768x511.jpg 768w, https:\/\/www.radioluna.it\/news\/wp-content\/uploads\/2016\/02\/damiano-coletta-LBC-500x333.jpg 500w, https:\/\/www.radioluna.it\/news\/wp-content\/uploads\/2016\/02\/damiano-coletta-LBC-600x400.jpg 600w, https:\/\/www.radioluna.it\/news\/wp-content\/uploads\/2016\/02\/damiano-coletta-LBC-300x200.jpg 300w, https:\/\/www.radioluna.it\/news\/wp-content\/uploads\/2016\/02\/damiano-coletta-LBC-800x533.jpg 800w, https:\/\/www.radioluna.it\/news\/wp-content\/uploads\/2016\/02\/damiano-coletta-LBC.jpg 960w\" sizes=\"auto, (max-width: 635px) 100vw, 635px\" \/><\/a>LATINA<\/strong> &#8211; Promuovere l\u2019attivit\u00e0 sportiva giovanile: Latina Bene Comune \u00e8 partita da qui nell\u2019elaborare le proprie proposte dedicate allo sport e alla qualit\u00e0 della vita. Incentivare la pratica sportiva tra le giovani generazioni \u00e8 il primo obiettivo di LBC, raggiungibile sostenendo le societ\u00e0 dilettantistiche e attraverso un adeguamento e miglioramento degli impianti sportivi presenti in citt\u00e0.<\/p>\n<p style=\"text-align: justify;\">Lo sport \u00e8 un tema caro non solo al candidato sindaco Damiano Coletta: come lui altri candidati di LBC hanno alle spalle un passato da sportivi, o si sono spesi in citt\u00e0 per incoraggiare l\u2019attivit\u00e0 sportiva e le realt\u00e0 del territorio impegnate a favore dello sport. \u00c8 il caso di Paolo De Simoni, allenatore ed ex giocatore di calcio a 5 a livello professionistico, candidato consigliere nella lista Latina Bene Comune. \u00abLa situazione dell\u2019impiantistica sportiva a Latina \u00e8 assolutamente deficitaria \u2013 sottolinea De Simoni \u2013 sia per le eccellenze, vedi l\u2019inadeguatezza infrastrutturale del Pala Bianchini, sia per le attivit\u00e0 di base con l\u2019uso temporaneo e limitato delle palestre scolastiche. Tutto ci\u00f2 impedisce di organizzare eventi di richiamo nazionale e internazionale che facciano da traino per i giovani e di investire in un settore che pu\u00f2 produrre sviluppo e benessere\u00bb.<\/p>\n<p style=\"text-align: justify;\">Da qui l\u2019urgenza di intervenire sugli spazi dedicati allo sport: \u00abCon LBC intendiamo ripartire dagli impianti esistenti \u2013 spiega il candidato \u2013 con la messa in sicurezza e il potenziamento di strutture quali il Palazzetto dello Sport e con l\u2019adeguamento degli spazi riservati alle discipline natatorie, interventi necessari a evitare che le nostre eccellenze emigrino in altre citt\u00e0 per cercare stimoli e traguardi che Latina non sa offrire\u00bb. Latina Bene Comune, inoltre, intende favorire la costituzione di centri polisportivi che ospitino diverse discipline, centralizzando la gestione e i servizi in modo da ridurre i costi fissi a carico delle associazioni sportive dilettantistiche. \u00abPrevediamo impianti polivalenti di quartiere da realizzare in fondo sintetico, cos\u00ec da consentire la pratica di pi\u00f9 discipline (basket, calcio, volley). La gestione degli impianti sar\u00e0 comunale, con il supporto delle varie societ\u00e0 che li utilizzano e uno spazio mattutino da lasciare ad uso delle scuole. Le regole per la gestione e l\u2019affidamento degli impianti saranno chiare e trasparenti, chiederemo alle societ\u00e0 e anche ai privati di prendersi cura dei beni comunali. Tante famiglie confidano di avere a disposizione spazi efficienti, curati, dove i bambini possano finalmente trovare una proposta educativa e sportiva adeguata\u00bb.<\/p>\n<p style=\"text-align: justify;\">Sull\u2019aspetto del benessere psicofisico legato alla pratica sportiva preme Gabriella Monteforte, medico, anche lei della lista Latina Bene Comune a sostegno del candidato sindaco Damiano Coletta: \u00abLa promozione dello sport \u00e8 alla base della promozione della salute, soprattutto nei bambini e negli adolescenti. In quest\u2019et\u00e0, svolgere una regolare attivit\u00e0 fisica \u00e8 fondamentale per prevenire l\u2019obesit\u00e0 e le patologie dismetaboliche ad essa correlate, come il diabete, e quindi per la prevenzione delle patologie cardiovascolari. Non solo, praticare una disciplina sportiva aiuta a sviluppare le relazioni interpersonali, insegnando i valori del lavoro di squadra e della solidariet\u00e0, ma consente pure di esprimere la fisicit\u00e0 tipica dell\u2019et\u00e0 giovanile in modo gioioso e partecipativo, favorisce l\u2019aggregazione sociale e il senso di appartenenza insegnando a rispettare le regole e l\u2019altro. Tra i giovani che praticano sport &#8211; conclude la candidata &#8211; solo pochissimi potranno emergere, ma tutti diventeranno uomini della societ\u00e0 civile, educati al rispetto delle regole e capaci di accettare le sconfitte\u00bb.<\/p>\n<div class=\"radio-posizionamento-telefono-in-articoli-dopo-il-contenuto-articolo radio-entity-placement\" id=\"radio-2409709120\"><div id=\"radio-2777380363\" style=\"width: 300px;height: 250px;\"><a href=\"https:\/\/www.icarspa.it\/auto\/usate\/latina\/\" aria-label=\"banner aprile icar new life &#8211; auto usate latina\"><img loading=\"lazy\" decoding=\"async\" src=\"https:\/\/www.radioluna.it\/news\/wp-content\/uploads\/2026\/02\/banner-aprile-icar-new-life-auto-usate-latina.gif\" alt=\"\"  width=\"300\" height=\"250\"   \/><\/a><\/div><\/div>","protected":false},"excerpt":{"rendered":"<p>LATINA &#8211; Promuovere l\u2019attivit\u00e0 sportiva giovanile: Latina Bene Comune \u00e8 partita da qui nell\u2019elaborare le proprie proposte dedicate allo sport e alla qualit\u00e0 della vita. Incentivare la pratica sportiva tra le giovani generazioni \u00e8 il primo obiettivo di LBC, raggiungibile sostenendo le societ\u00e0 dilettantistiche e attraverso un adeguamento e miglioramento degli impianti sportivi presenti in [&hellip;]<\/p>\n","protected":false},"author":60,"featured_media":173581,"comment_status":"open","ping_status":"closed","sticky":false,"template":"","format":"standard","meta":{"footnotes":""},"categories":[8],"tags":[],"class_list":["post-178170","post","type-post","status-publish","format-standard","has-post-thumbnail","hentry","category-politica"],"_links":{"self":[{"href":"https:\/\/www.radioluna.it\/news\/wp-json\/wp\/v2\/posts\/178170","targetHints":{"allow":["GET"]}}],"collection":[{"href":"https:\/\/www.radioluna.it\/news\/wp-json\/wp\/v2\/posts"}],"about":[{"href":"https:\/\/www.radioluna.it\/news\/wp-json\/wp\/v2\/types\/post"}],"author":[{"embeddable":true,"href":"https:\/\/www.radioluna.it\/news\/wp-json\/wp\/v2\/users\/60"}],"replies":[{"embeddable":true,"href":"https:\/\/www.radioluna.it\/news\/wp-json\/wp\/v2\/comments?post=178170"}],"version-history":[{"count":0,"href":"https:\/\/www.radioluna.it\/news\/wp-json\/wp\/v2\/posts\/178170\/revisions"}],"wp:featuredmedia":[{"embeddable":true,"href":"https:\/\/www.radioluna.it\/news\/wp-json\/wp\/v2\/media\/173581"}],"wp:attachment":[{"href":"https:\/\/www.radioluna.it\/news\/wp-json\/wp\/v2\/media?parent=178170"}],"wp:term":[{"taxonomy":"category","embeddable":true,"href":"https:\/\/www.radioluna.it\/news\/wp-json\/wp\/v2\/categories?post=178170"},{"taxonomy":"post_tag","embeddable":true,"href":"https:\/\/www.radioluna.it\/news\/wp-json\/wp\/v2\/tags?post=178170"}],"curies":[{"name":"wp","href":"https:\/\/api.w.org\/{rel}","templated":true}]}}