{"id":178239,"date":"2016-05-25T11:41:47","date_gmt":"2016-05-25T09:41:47","guid":{"rendered":"http:\/\/www.radioluna.it\/news\/?p=178239"},"modified":"2016-05-25T11:41:47","modified_gmt":"2016-05-25T09:41:47","slug":"affetti-speciali-nei-cortometraggi-di-giovani-cineasti","status":"publish","type":"post","link":"https:\/\/www.radioluna.it\/news\/2016\/05\/affetti-speciali-nei-cortometraggi-di-giovani-cineasti\/","title":{"rendered":"&#8220;Affetti speciali&#8221; nei cortometraggi di giovani cineasti"},"content":{"rendered":"<div id=\"fb-root\"><\/div>\n<p style=\"text-align: justify;\"><strong><a href=\"http:\/\/www.radioluna.it\/news\/wp-content\/uploads\/2016\/05\/Lilith-3.jpg\"><img loading=\"lazy\" decoding=\"async\" class=\"alignleft wp-image-178240 size-medium\" src=\"http:\/\/www.radioluna.it\/news\/wp-content\/uploads\/2016\/05\/Lilith-3-212x300.jpg\" alt=\"Lilith 3\" width=\"212\" height=\"300\" srcset=\"https:\/\/www.radioluna.it\/news\/wp-content\/uploads\/2016\/05\/Lilith-3-212x300.jpg 212w, https:\/\/www.radioluna.it\/news\/wp-content\/uploads\/2016\/05\/Lilith-3-689x974.jpg 689w, https:\/\/www.radioluna.it\/news\/wp-content\/uploads\/2016\/05\/Lilith-3-724x1024.jpg 724w, https:\/\/www.radioluna.it\/news\/wp-content\/uploads\/2016\/05\/Lilith-3-800x1131.jpg 800w, https:\/\/www.radioluna.it\/news\/wp-content\/uploads\/2016\/05\/Lilith-3-300x424.jpg 300w, https:\/\/www.radioluna.it\/news\/wp-content\/uploads\/2016\/05\/Lilith-3.jpg 877w\" sizes=\"auto, (max-width: 212px) 100vw, 212px\" \/><\/a>LATINA<\/strong> &#8211;\u00a0Sabato 28 maggio alle 20,30 presso l\u2019hotel Europa, in via Emanuele Filiberto, si svolger\u00e0 la serata conclusiva del Concorso Nazionale di video-cortometraggi &#8220;AFFETTI SPECIALI&#8221; sul tema delle relazioni affettive, per promuovere una cultura della non violenza e valorizzare la produzione cinematografica delle donne.<\/p>\n<p style=\"text-align: justify;\">\u201cIl tema centrale del concorso \u00e8 stato quello di evidenziare &#8211; dichiara la professoressa Maria Marinelli, Presidente del Centro Donna Lilith &#8211;\u00a0 quanto l\u2019affettivit\u00e0, che \u00e8 l\u2019incontro con l\u2019alterit\u00e0, possa contribuire alla crescita culturale delle persone, a stimolare la capacit\u00e0 di riflessione e quindi a sradicare pregiudizi e stereotipi di genere. Questa \u00e8 anche l\u2019occasione di offrire alle ragazze e ai ragazzi l\u2019opportunit\u00e0 di confrontarsi con modelli diversi per guardarsi reciprocamente al fine di contrastare e rimuovere gli stereotipi negativi\u201d.<\/p>\n<p style=\"text-align: justify;\">\u201cOvviamente, al concorso hanno partecipato sia uomini che donne, e non potrebbe essere diversamente, non potremmo mai essere noi del Centro Donna Lilith \u2013 prosegue Maria Marinelli \u2013 ad innalzare muri ad aggiungere steccati; noi, che da sempre siamo in prima linea per abbattere gli stereotipi di qualunque genere. A spingerci a scegliere un concorso di video-cortometraggi, ovvero ad esprimersi con il linguaggio cinematografico, \u00e8 stata la constatazione, amara ma non sorprendente, che le donne, anche in questo ambito, sono pesantemente discriminate rispetto agli uomini. Basti pensare che la quota di mercato delle registe italiane \u00e8 pi\u00f9 o meno del due per cento contro il novantotto per cento di quella maschile. N\u00e9 possiamo sottovalutare che, a parit\u00e0 di preparazione, le giovani cineaste hanno maggiore difficolt\u00e0 ad accedere ai finanziamenti pubblici. Abbiamo voluto titolarlo con un gioco di parole continua \u2013 Maria Marinelli &#8211; \u00a0\u201cAffetti Speciali\u201d perch\u00e9, e prendo in prestito le parole di una giovane studiosa del cinema italiano, Emma Gobbato: \u201cLa visione di un film si trasforma, con le sue strategie di identificazioni, in un esperienza intellettuale, in un\u2019esperienza che si pu\u00f2 definire affettiva, poich\u00e9 il film stabilisce una prossimit\u00e0, una vicinanza\u201d. Noi del Centro Donna Lilith, sabato, alla serata, che abbiamo voluto con ingresso gratuito alla proiezione dei lavori presentati, vogliamo condividere insieme alla citt\u00e0 questa vicinanza, questa speciale prossimit\u00e0 affettivit\u00e0\u201d.<\/p>\n<p style=\"text-align: justify;\">Il concorso, \u201cAffetti Speciali\u201d \u00e8 inserito nell\u2019ambito delle celebrazioni del Trentennale del Centro Donna Lilith ed \u00e8 stato seguito e supportato dal Festival Pontino del Cortometraggio diretto da Meri Drigo.\u00a0la giuria, composta da: Loredana Rotondo, regista del film \u201cProcesso per stupro\u201d e capostruttura di Rai International e Rai Educational, i qualit\u00e0 di presidente della giuria.; Gaia Capurso, Arianna Forte, Ilaria Fraioli, Maria Marinelli, Anna Eugenia Morini, Barbara Pellegrini.\u00a0Al video vincitore andr\u00e0 un premio di 1.000 euro e il video con il logo di Lilith entrer\u00e0 nel circuito documentazione storica del Centro Donna.<\/p>\n<p>&nbsp;<\/p>\n","protected":false},"excerpt":{"rendered":"<p>LATINA &#8211;\u00a0Sabato 28 maggio alle 20,30 presso l\u2019hotel Europa, in via Emanuele Filiberto, si svolger\u00e0 la serata conclusiva del Concorso Nazionale di video-cortometraggi &#8220;AFFETTI SPECIALI&#8221; sul tema delle relazioni affettive, per promuovere una cultura della non violenza e valorizzare la produzione cinematografica delle donne. \u201cIl tema centrale del concorso \u00e8 stato quello di evidenziare &#8211; [&hellip;]<\/p>\n","protected":false},"author":62,"featured_media":178241,"comment_status":"open","ping_status":"closed","sticky":false,"template":"","format":"standard","meta":{"footnotes":""},"categories":[16],"tags":[],"class_list":["post-178239","post","type-post","status-publish","format-standard","has-post-thumbnail","hentry","category-appuntamenti"],"_links":{"self":[{"href":"https:\/\/www.radioluna.it\/news\/wp-json\/wp\/v2\/posts\/178239","targetHints":{"allow":["GET"]}}],"collection":[{"href":"https:\/\/www.radioluna.it\/news\/wp-json\/wp\/v2\/posts"}],"about":[{"href":"https:\/\/www.radioluna.it\/news\/wp-json\/wp\/v2\/types\/post"}],"author":[{"embeddable":true,"href":"https:\/\/www.radioluna.it\/news\/wp-json\/wp\/v2\/users\/62"}],"replies":[{"embeddable":true,"href":"https:\/\/www.radioluna.it\/news\/wp-json\/wp\/v2\/comments?post=178239"}],"version-history":[{"count":0,"href":"https:\/\/www.radioluna.it\/news\/wp-json\/wp\/v2\/posts\/178239\/revisions"}],"wp:featuredmedia":[{"embeddable":true,"href":"https:\/\/www.radioluna.it\/news\/wp-json\/wp\/v2\/media\/178241"}],"wp:attachment":[{"href":"https:\/\/www.radioluna.it\/news\/wp-json\/wp\/v2\/media?parent=178239"}],"wp:term":[{"taxonomy":"category","embeddable":true,"href":"https:\/\/www.radioluna.it\/news\/wp-json\/wp\/v2\/categories?post=178239"},{"taxonomy":"post_tag","embeddable":true,"href":"https:\/\/www.radioluna.it\/news\/wp-json\/wp\/v2\/tags?post=178239"}],"curies":[{"name":"wp","href":"https:\/\/api.w.org\/{rel}","templated":true}]}}