{"id":178249,"date":"2016-05-25T14:05:41","date_gmt":"2016-05-25T12:05:41","guid":{"rendered":"http:\/\/www.radioluna.it\/news\/?p=178249"},"modified":"2016-05-25T14:05:41","modified_gmt":"2016-05-25T12:05:41","slug":"due-ministri-a-latina-delrio-e-galletti-per-forte-e-calandrini","status":"publish","type":"post","link":"https:\/\/www.radioluna.it\/news\/2016\/05\/due-ministri-a-latina-delrio-e-galletti-per-forte-e-calandrini\/","title":{"rendered":"Due ministri a Latina: Delrio e Galletti per Forte e Calandrini"},"content":{"rendered":"<div id=\"fb-root\"><\/div>\n<div id=\"attachment_150122\" style=\"width: 361px\" class=\"wp-caption alignleft\"><a href=\"http:\/\/www.radioluna.it\/news\/wp-content\/uploads\/2014\/05\/galletti.jpg\"><img loading=\"lazy\" decoding=\"async\" aria-describedby=\"caption-attachment-150122\" class=\" wp-image-150122\" src=\"http:\/\/www.radioluna.it\/news\/wp-content\/uploads\/2014\/05\/galletti.jpg\" alt=\"Galletti a Gaeta\" width=\"351\" height=\"264\" srcset=\"https:\/\/www.radioluna.it\/news\/wp-content\/uploads\/2014\/05\/galletti.jpg 438w, https:\/\/www.radioluna.it\/news\/wp-content\/uploads\/2014\/05\/galletti-300x225.jpg 300w\" sizes=\"auto, (max-width: 351px) 100vw, 351px\" \/><\/a><p id=\"caption-attachment-150122\" class=\"wp-caption-text\">Galletti a Gaeta<\/p><\/div>\n<p style=\"text-align: justify;\"><strong><a href=\"http:\/\/www.radioluna.it\/news\/wp-content\/uploads\/2016\/05\/delrio.jpg\"><img loading=\"lazy\" decoding=\"async\" class=\"wp-image-178255 alignleft\" src=\"http:\/\/www.radioluna.it\/news\/wp-content\/uploads\/2016\/05\/delrio.jpg\" alt=\"delrio\" width=\"289\" height=\"289\" srcset=\"https:\/\/www.radioluna.it\/news\/wp-content\/uploads\/2016\/05\/delrio.jpg 200w, https:\/\/www.radioluna.it\/news\/wp-content\/uploads\/2016\/05\/delrio-50x50.jpg 50w\" sizes=\"auto, (max-width: 289px) 100vw, 289px\" \/><\/a><\/strong><\/p>\n<p style=\"text-align: justify;\"><strong>LATINA<\/strong> &#8211; Due ministri per Latina. E&#8217; previsto nel pomeriggio \u00a0di mercoled\u00ec 25 maggio \u00a0l&#8217;arrivo nel capoluogo \u00a0del Ministro per le Infastrutture Graziano Delrio. Alle 17,30 presso il point elettorale di Enrico Forte in C.so della Repubblica &#8220;un&#8217; occasione di confronto con i massimi esponenti del governo centrale e locale in in materia di infrastrutture, con particolare attenzione alla realizzazione della Roma- Latina&#8221;, annuncia in una nota il candidato sindaco del Pd, che gioca cos\u00ec una delle carte migliori della sua campagna elettorale.<br \/>\nUn dibattito al quale prenderanno parte con\u00a0Delrio anche l&#8217;assessore regionale alle infrastrutture, Fabio Refrigeri, e i pi\u00f9 alti rappresentanti istituzionali pontini: il\u00a0\u00a0Sottosegretario alla Presidenza del Consiglio, Sesa Amici, e \u00a0il Senatore Claudio Moscardelli.<\/p>\n<p style=\"text-align: justify;\"><strong>GALLETTI ALL&#8217;HOTEL EUROPA &#8211;<\/strong> A poca distanza, all&#8217;hotel Europa, sar\u00e0 gi\u00e0 arrivato il \u00a0ministro per l&#8217;ambiente Gianluca Galletti, che sostiene invece il candidato di Fratelli d&#8217;Italia Nicola Calandrini a testimonianza della pluralit\u00e0 di anime presenti nell&#8217;attuale Governo italiano. La contemporaneit\u00e0 degli eventi rende la cosa un po&#8217; bizzarra. Ma perch\u00e9 il ministro per l&#8217;ambiente? &#8220;Perch\u00e9 le tematiche ambientali &#8211; assicura Calandrini \u00a0&#8211; sono al centro del nostro impegno elettorale ora e amministrativo dopo, il nostro territorio \u00e8 ricco di bellezze naturali, dalla costa alle colline, dai Borghi alla rete dei canali, che devono essere &#8220;osservate speciali&#8221; per evitare ogni tipo di degrado o sfruttamento illecito&#8221;. E se la conferenza di Delrio si concentrer\u00e0 sulla viabilit\u00e0 Roma-Latina, calandrini invece chieder\u00e0 al ministro Galletti &#8220;che s&#8217;impegni affinch\u00e9 il porto di Latina con l&#8217;indotto conseguente diventi una realt\u00e0&#8221;.<\/p>\n<div class=\"radio-posizionamento-telefono-in-articoli-dopo-il-contenuto-articolo radio-entity-placement\" id=\"radio-3080778735\"><div id=\"radio-1810463410\" style=\"width: 300px;height: 250px;\"><a href=\"https:\/\/www.icarspa.it\/auto\/usate\/latina\/\" aria-label=\"banner aprile icar new life &#8211; auto usate latina\"><img loading=\"lazy\" decoding=\"async\" src=\"https:\/\/www.radioluna.it\/news\/wp-content\/uploads\/2026\/02\/banner-aprile-icar-new-life-auto-usate-latina.gif\" alt=\"\"  width=\"300\" height=\"250\"   \/><\/a><\/div><\/div>","protected":false},"excerpt":{"rendered":"<p>LATINA &#8211; Due ministri per Latina. E&#8217; previsto nel pomeriggio \u00a0di mercoled\u00ec 25 maggio \u00a0l&#8217;arrivo nel capoluogo \u00a0del Ministro per le Infastrutture Graziano Delrio. Alle 17,30 presso il point elettorale di Enrico Forte in C.so della Repubblica &#8220;un&#8217; occasione di confronto con i massimi esponenti del governo centrale e locale in in materia di infrastrutture, [&hellip;]<\/p>\n","protected":false},"author":62,"featured_media":150122,"comment_status":"open","ping_status":"closed","sticky":false,"template":"","format":"standard","meta":{"footnotes":""},"categories":[8],"tags":[],"class_list":["post-178249","post","type-post","status-publish","format-standard","has-post-thumbnail","hentry","category-politica"],"_links":{"self":[{"href":"https:\/\/www.radioluna.it\/news\/wp-json\/wp\/v2\/posts\/178249","targetHints":{"allow":["GET"]}}],"collection":[{"href":"https:\/\/www.radioluna.it\/news\/wp-json\/wp\/v2\/posts"}],"about":[{"href":"https:\/\/www.radioluna.it\/news\/wp-json\/wp\/v2\/types\/post"}],"author":[{"embeddable":true,"href":"https:\/\/www.radioluna.it\/news\/wp-json\/wp\/v2\/users\/62"}],"replies":[{"embeddable":true,"href":"https:\/\/www.radioluna.it\/news\/wp-json\/wp\/v2\/comments?post=178249"}],"version-history":[{"count":0,"href":"https:\/\/www.radioluna.it\/news\/wp-json\/wp\/v2\/posts\/178249\/revisions"}],"wp:featuredmedia":[{"embeddable":true,"href":"https:\/\/www.radioluna.it\/news\/wp-json\/wp\/v2\/media\/150122"}],"wp:attachment":[{"href":"https:\/\/www.radioluna.it\/news\/wp-json\/wp\/v2\/media?parent=178249"}],"wp:term":[{"taxonomy":"category","embeddable":true,"href":"https:\/\/www.radioluna.it\/news\/wp-json\/wp\/v2\/categories?post=178249"},{"taxonomy":"post_tag","embeddable":true,"href":"https:\/\/www.radioluna.it\/news\/wp-json\/wp\/v2\/tags?post=178249"}],"curies":[{"name":"wp","href":"https:\/\/api.w.org\/{rel}","templated":true}]}}