{"id":178299,"date":"2016-05-26T13:32:15","date_gmt":"2016-05-26T11:32:15","guid":{"rendered":"http:\/\/www.radioluna.it\/news\/?p=178299"},"modified":"2016-05-26T13:52:22","modified_gmt":"2016-05-26T11:52:22","slug":"dinotte-la-webserie-di-carrefourlatina-on-line-da-giugno","status":"publish","type":"post","link":"https:\/\/www.radioluna.it\/news\/2016\/05\/dinotte-la-webserie-di-carrefourlatina-on-line-da-giugno\/","title":{"rendered":"#DiNotte, la webserie di #CarrefourLatina on line da giugno"},"content":{"rendered":"<div id=\"fb-root\"><\/div>\n<p><iframe loading=\"lazy\" title=\"#DiNotte la webserie di #CarrefourLatina PROMO\" width=\"740\" height=\"416\" src=\"https:\/\/www.youtube.com\/embed\/YlK1LggJVBw?feature=oembed\" frameborder=\"0\" allow=\"accelerometer; autoplay; clipboard-write; encrypted-media; gyroscope; picture-in-picture; web-share\" referrerpolicy=\"strict-origin-when-cross-origin\" allowfullscreen><\/iframe><\/p>\n<p>&nbsp;<\/p>\n<p style=\"text-align: justify;\"><strong>LATINA<\/strong> &#8211;\u00a0Esiste un mondo, di notte, fatto di storie, racconti, incontri, confronti e divertimento. Di persone che per la prima volta incrociano i loro destini; ma anche di altre, accanto da una vita, che per qualche strana alchimia al bagliore della luna, scoprono cose nuove. Di notte, c\u2019\u00e8 anche chi tenta imprese prima che il sole faccia capolino, sperando che quelle poche ore a disposizione possano diventare indimenticabili. Di notte nascono storie che in qualche modo parlano di noi.<\/p>\n<p style=\"text-align: justify;\"><strong>LA WEB SERIE<\/strong> &#8211; #DiNotte tutto pu\u00f2 accadere. E lo racconta per la prima volta #CarrefourLatina che dal prossimo mese di giugno, per i cinque giovedi del mese a partire dalle ore 19.30, presenter\u00e0 la webserie dedicata proprio a cosa accade by night. Il canale sar\u00e0 Internet, e pi\u00f9 specificatamente quello Social. La messa in onda sar\u00e0 infatti in esclusiva su facebook.com\/CarrefourLatina<\/p>\n<p style=\"text-align: justify;\"><strong>DIECI ATTORI<\/strong> &#8211; Dieci attori si caleranno nei panni di altrettanti personaggi per raccontare di passioni, timori, tradimenti e anche di risate. Si tratta di un progetto unico nel suo genere, il primo a livello territoriale, e uno dei primi su scala nazionale, dove una realt\u00e0 commerciale, Carrefour Latina per l\u2019appunto, interagir\u00e0 con il proprio pubblico in una maniera differente e innovativa. Non pubblicizzando prodotti, ma parlando di un mondo dove l\u2019interno di un supermercato fa da sfondo a un bacio rubato, a un\u2019impresa tra amici, a un inaspettato incontro.<\/p>\n<p style=\"text-align: justify;\"><strong>UN GRUPPO TUTTO PONTINO<\/strong> &#8211; Carrefour Latina con il suo progetto #DiNotte promuove anche le professionalit\u00e0 del territorio.\u00a0La regia \u00e8 di Nicholas Perinelli, laurato in Cinematografia al D.A.M.S, l\u2019universit\u00e0 di Cinema e Arti visive di Roma; come direttore della fotografia ha firmato molti cortometraggi e video musicali, tra i quali \u201cBuongiorno Maestra\u201d per la regia di Melania Maccaferri, \u201cDai suoi occhi\u201d di Fabrizio Nardocci per la \u201cDalexFilm\u201d giunto secondo al Festival Tulipani di Seta Nera &#8211; sezione Rai. Ora Perinelli \u00e8 all\u2019opera su diversi progetti, uno in particolare per il quale la Rai ha gi\u00e0 acquisito i diritti.<\/p>\n<p style=\"text-align: justify;\">Le tracce musicali portano la firma di Francesco Taskayali, giovane compositore e pianista, della cantautrice Marella Montemurro e del rocker Tony Montecalvo.<\/p>\n<p style=\"text-align: justify;\"><strong>LE CINQUE STORIE<\/strong> &#8211; Le \u00a0cinque \u00a0storie, \u00a0che \u00a0verranno \u00a0raccontate \u00a0nei \u00a0cinque \u00a0gioved\u00ec \u00a0del \u00a0mese \u00a0di \u00a0giugno \u00a0su <a href=\"http:\/\/facebook.com\/CarrefourLatina\">facebook.com\/CarrefourLatina<\/a> in puntate della durata media di sei minuti, vedono protagonisti \u00a0Gabriele \u00a0Sacchetti, \u00a04 \u00a0anni, \u00a0alla \u00a0sua primissima esperienza davanti alla macchina da presa; dalla scuola di recitazione \u201cLa Bottega degli Errori\u201d \u00a0di \u00a0Clemente \u00a0Pernarella, \u00a0Andrei \u00a0Cuciuc gi\u00e0 \u00a0protagonista \u00a0di \u00a0pubblicit\u00e0 \u00a0progresso commissionate \u00a0da vari \u00a0Ministeri, Gerardo \u00a0Rizzo, \u00a0Antonella Paolino, Viviana \u00a0Barboni, Simone \u00a0Della Penna e Alessandro Toselli; Manolo Germani protagonista di uno spot\/corto \u201cTerracina dice no\u201d contro la violenza sulle donne, inisieme a Eleonora Bruni, studentessa de \u201cLa Sapienza\u201d di Roma facolt\u00e0 di Arte e Scienze dello spettacolo, e della scuola di recitazione \u201cJenny Tamburi\u201d di Roma; Valerio Vincenzo Coronella alla sua prima esperienza in questo tipo di progetti, ma con diverse presenze in ambito teatrale.<\/p>\n<div id=\"attachment_178301\" style=\"width: 310px\" class=\"wp-caption alignleft\"><a href=\"http:\/\/www.radioluna.it\/news\/wp-content\/uploads\/2016\/05\/ATTORE-QUATTRO-ANNI.jpg\"><img loading=\"lazy\" decoding=\"async\" aria-describedby=\"caption-attachment-178301\" class=\"wp-image-178301 size-medium\" src=\"http:\/\/www.radioluna.it\/news\/wp-content\/uploads\/2016\/05\/ATTORE-QUATTRO-ANNI-300x169.jpg\" alt=\"Il pi\u00f9 giovane attore della web serie ha 5 anni \" width=\"300\" height=\"169\" srcset=\"https:\/\/www.radioluna.it\/news\/wp-content\/uploads\/2016\/05\/ATTORE-QUATTRO-ANNI-300x169.jpg 300w, https:\/\/www.radioluna.it\/news\/wp-content\/uploads\/2016\/05\/ATTORE-QUATTRO-ANNI-689x388.jpg 689w, https:\/\/www.radioluna.it\/news\/wp-content\/uploads\/2016\/05\/ATTORE-QUATTRO-ANNI-1024x576.jpg 1024w, https:\/\/www.radioluna.it\/news\/wp-content\/uploads\/2016\/05\/ATTORE-QUATTRO-ANNI-800x450.jpg 800w, https:\/\/www.radioluna.it\/news\/wp-content\/uploads\/2016\/05\/ATTORE-QUATTRO-ANNI.jpg 1600w\" sizes=\"auto, (max-width: 300px) 100vw, 300px\" \/><\/a><p id=\"caption-attachment-178301\" class=\"wp-caption-text\">Il pi\u00f9 giovane attore della web serie ha 5 anni<\/p><\/div>\n<p style=\"text-align: justify;\">\u201cLe storie che andiamo a raccontare #DiNotte &#8211; \u00ad spiega il regista Nicholas Perinelli &#8211; \u00ad riguardano eventi che \u00a0possono \u00a0davvero accadere \u00a0a \u00a0tutti noi, \u00a0in \u00a0qualsiasi \u00a0momento \u00a0della \u00a0vita.\u00a0 Ma \u00a0con \u00a0una \u00a0novit\u00e0 \u00a0in \u00a0pi\u00f9 \u00a0che \u00a0non voglio \u00a0svelare \u00a0per \u00a0non \u00a0rovinare \u00a0la \u00a0sorpresa.\u00a0 Fare \u00a0la \u00a0spesa \u00a0con \u00a0gli \u00a0amici nel tentativo di preparare il pranzo della loro vita; \u00a0cercare \u00a0di \u00a0catturare l\u2019attenzione di una ragazza apparentemente fredda e insensibile refrattaria a qualsiasi tentativo di approccio; confrontarsi con la propria migliore amica in fila in cassa e, perch\u00e9 no, anche innamorarsi tra le corsie del market. Le cinque storie sono state ideate e \u00a0modellate \u00a0direttamente \u00a0sugli \u00a0attori.\u00a0 L&#8217;idea \u00a0principale \u00a0\u00e8 \u00a0stata \u00a0quella \u00a0di una sceneggiatura molto elastica, una sorta di struttura o traccia per lasciare spazio soprattutto alla spontaneit\u00e0, in un continuo \u00a0work \u00a0in \u00a0progress.\u00a0 Non \u00a0importa \u00a0come \u00a0e \u00a0con \u00a0quale \u00a0tecnica \u00a0venisse \u00a0realizzata \u00a0la webserie. L\u2019importante era che io riprendessi dieci attori, dieci persone, che davvero stavano vivendo storie, #DiNotte, che valeva la pena raccontare e far rivivere al pubblico\u201d.<\/p>\n<div class=\"radio-posizionamento-telefono-in-articoli-dopo-il-contenuto-articolo radio-entity-placement\" id=\"radio-692240217\"><div id=\"radio-2165272955\"><a href=\"https:\/\/www.simeoneceramiche.com\/\" aria-label=\"SIMEONE CERAMICHE GIF animata per radioluna_Tavola disegno 1 copia 2 (online-video-cutter.com)\"><img loading=\"lazy\" decoding=\"async\" src=\"https:\/\/www.radioluna.it\/news\/wp-content\/uploads\/2025\/05\/SIMEONE-CERAMICHE-GIF-animata-per-radioluna_Tavola-disegno-1-copia-2-online-video-cutter.com_.gif\" alt=\"\"  width=\"300\" height=\"250\"   \/><\/a><\/div><\/div>","protected":false},"excerpt":{"rendered":"<p>&nbsp; LATINA &#8211;\u00a0Esiste un mondo, di notte, fatto di storie, racconti, incontri, confronti e divertimento. Di persone che per la prima volta incrociano i loro destini; ma anche di altre, accanto da una vita, che per qualche strana alchimia al bagliore della luna, scoprono cose nuove. Di notte, c\u2019\u00e8 anche chi tenta imprese prima che [&hellip;]<\/p>\n","protected":false},"author":60,"featured_media":178301,"comment_status":"open","ping_status":"closed","sticky":false,"template":"","format":"standard","meta":{"footnotes":""},"categories":[735,2312],"tags":[],"class_list":["post-178299","post","type-post","status-publish","format-standard","has-post-thumbnail","hentry","category-attualita","category-video"],"_links":{"self":[{"href":"https:\/\/www.radioluna.it\/news\/wp-json\/wp\/v2\/posts\/178299","targetHints":{"allow":["GET"]}}],"collection":[{"href":"https:\/\/www.radioluna.it\/news\/wp-json\/wp\/v2\/posts"}],"about":[{"href":"https:\/\/www.radioluna.it\/news\/wp-json\/wp\/v2\/types\/post"}],"author":[{"embeddable":true,"href":"https:\/\/www.radioluna.it\/news\/wp-json\/wp\/v2\/users\/60"}],"replies":[{"embeddable":true,"href":"https:\/\/www.radioluna.it\/news\/wp-json\/wp\/v2\/comments?post=178299"}],"version-history":[{"count":0,"href":"https:\/\/www.radioluna.it\/news\/wp-json\/wp\/v2\/posts\/178299\/revisions"}],"wp:featuredmedia":[{"embeddable":true,"href":"https:\/\/www.radioluna.it\/news\/wp-json\/wp\/v2\/media\/178301"}],"wp:attachment":[{"href":"https:\/\/www.radioluna.it\/news\/wp-json\/wp\/v2\/media?parent=178299"}],"wp:term":[{"taxonomy":"category","embeddable":true,"href":"https:\/\/www.radioluna.it\/news\/wp-json\/wp\/v2\/categories?post=178299"},{"taxonomy":"post_tag","embeddable":true,"href":"https:\/\/www.radioluna.it\/news\/wp-json\/wp\/v2\/tags?post=178299"}],"curies":[{"name":"wp","href":"https:\/\/api.w.org\/{rel}","templated":true}]}}