{"id":178306,"date":"2016-05-26T14:21:28","date_gmt":"2016-05-26T12:21:28","guid":{"rendered":"http:\/\/www.radioluna.it\/news\/?p=178306"},"modified":"2016-05-26T14:21:28","modified_gmt":"2016-05-26T12:21:28","slug":"a-terracina-uno-sportello-distaccato-della-casa-dellagricoltura","status":"publish","type":"post","link":"https:\/\/www.radioluna.it\/news\/2016\/05\/a-terracina-uno-sportello-distaccato-della-casa-dellagricoltura\/","title":{"rendered":"A Terracina uno sportello distaccato della Casa dell&#8217;Agricoltura"},"content":{"rendered":"<div id=\"fb-root\"><\/div>\n<p style=\"text-align: justify;\"><strong><a href=\"http:\/\/www.radioluna.it\/news\/wp-content\/uploads\/2014\/07\/IMG-20140724-WA0003.jpg\"><img loading=\"lazy\" decoding=\"async\" class=\"aligncenter size-full wp-image-153123\" src=\"http:\/\/www.radioluna.it\/news\/wp-content\/uploads\/2014\/07\/IMG-20140724-WA0003.jpg\" alt=\"casa dell'agricoltura istituto zooprofilattico\" width=\"612\" height=\"816\" srcset=\"https:\/\/www.radioluna.it\/news\/wp-content\/uploads\/2014\/07\/IMG-20140724-WA0003.jpg 612w, https:\/\/www.radioluna.it\/news\/wp-content\/uploads\/2014\/07\/IMG-20140724-WA0003-500x667.jpg 500w, https:\/\/www.radioluna.it\/news\/wp-content\/uploads\/2014\/07\/IMG-20140724-WA0003-225x300.jpg 225w\" sizes=\"auto, (max-width: 612px) 100vw, 612px\" \/><\/a>TERRACINA<\/strong> &#8211;\u00a0\u201cL\u2019Assessore all\u2019Agricoltura, Caccia e Pesca, Carlo Hausmann, e il direttore all\u2019Agricoltura, Roberto Ottaviani, hanno incontrato stamattina i rappresentanti del Comune di Terracina per parlare della riapertura di uno Sportello Agricolo di Zona. L\u2019amministrazione comunale di Terracina ha messo a disposizione in comodato d\u2019uso gratuito dei locali presso la localit\u00e0 di Borgo Hermada, in piazza IV Novembre, nel plesso che ospita gli uffici comunali UMA e Agricoltura. La proposta \u00e8 stata accolta dalla Regione Lazio, che avvier\u00e0 insieme agli uffici regionali del Patrimonio e del Personale le opportune procedure per l\u2019assegnazione dei dipendenti e per la logistica, intendendo realizzare una sezione distaccata della Casa dell\u2019Agricoltura di Latina, per fornire informazioni e servizi su PSR e FEAMP\u201d.\u00a0Lo comunica in una nota la Regione Lazio.<\/p>\n<p>&nbsp;<\/p>\n","protected":false},"excerpt":{"rendered":"<p>TERRACINA &#8211;\u00a0\u201cL\u2019Assessore all\u2019Agricoltura, Caccia e Pesca, Carlo Hausmann, e il direttore all\u2019Agricoltura, Roberto Ottaviani, hanno incontrato stamattina i rappresentanti del Comune di Terracina per parlare della riapertura di uno Sportello Agricolo di Zona. L\u2019amministrazione comunale di Terracina ha messo a disposizione in comodato d\u2019uso gratuito dei locali presso la localit\u00e0 di Borgo Hermada, in piazza [&hellip;]<\/p>\n","protected":false},"author":60,"featured_media":153123,"comment_status":"open","ping_status":"closed","sticky":false,"template":"","format":"standard","meta":{"footnotes":""},"categories":[11],"tags":[],"class_list":["post-178306","post","type-post","status-publish","format-standard","has-post-thumbnail","hentry","category-economia"],"_links":{"self":[{"href":"https:\/\/www.radioluna.it\/news\/wp-json\/wp\/v2\/posts\/178306","targetHints":{"allow":["GET"]}}],"collection":[{"href":"https:\/\/www.radioluna.it\/news\/wp-json\/wp\/v2\/posts"}],"about":[{"href":"https:\/\/www.radioluna.it\/news\/wp-json\/wp\/v2\/types\/post"}],"author":[{"embeddable":true,"href":"https:\/\/www.radioluna.it\/news\/wp-json\/wp\/v2\/users\/60"}],"replies":[{"embeddable":true,"href":"https:\/\/www.radioluna.it\/news\/wp-json\/wp\/v2\/comments?post=178306"}],"version-history":[{"count":0,"href":"https:\/\/www.radioluna.it\/news\/wp-json\/wp\/v2\/posts\/178306\/revisions"}],"wp:featuredmedia":[{"embeddable":true,"href":"https:\/\/www.radioluna.it\/news\/wp-json\/wp\/v2\/media\/153123"}],"wp:attachment":[{"href":"https:\/\/www.radioluna.it\/news\/wp-json\/wp\/v2\/media?parent=178306"}],"wp:term":[{"taxonomy":"category","embeddable":true,"href":"https:\/\/www.radioluna.it\/news\/wp-json\/wp\/v2\/categories?post=178306"},{"taxonomy":"post_tag","embeddable":true,"href":"https:\/\/www.radioluna.it\/news\/wp-json\/wp\/v2\/tags?post=178306"}],"curies":[{"name":"wp","href":"https:\/\/api.w.org\/{rel}","templated":true}]}}