{"id":178321,"date":"2016-05-26T16:56:37","date_gmt":"2016-05-26T14:56:37","guid":{"rendered":"http:\/\/www.radioluna.it\/news\/?p=178321"},"modified":"2016-05-26T16:56:37","modified_gmt":"2016-05-26T14:56:37","slug":"come-in-passato-sinergia-tra-veneto-e-agro-pontino","status":"publish","type":"post","link":"https:\/\/www.radioluna.it\/news\/2016\/05\/come-in-passato-sinergia-tra-veneto-e-agro-pontino\/","title":{"rendered":"Come in passato, sinergia tra Veneto e Agro pontino"},"content":{"rendered":"<div id=\"fb-root\"><\/div>\n<p style=\"text-align: justify;\"><strong><a href=\"http:\/\/www.radioluna.it\/news\/wp-content\/uploads\/2016\/05\/zaia.jpg\"><img loading=\"lazy\" decoding=\"async\" class=\"aligncenter size-thumbnail wp-image-178322\" src=\"http:\/\/www.radioluna.it\/news\/wp-content\/uploads\/2016\/05\/zaia-689x458.jpg\" alt=\"zaia\" width=\"689\" height=\"458\" \/><\/a>LATINA &#8211;<\/strong> \u201cNel corso della sua visita a Latina il Governatore del Veneto Luca Zaia si \u00e8 impegnato a sostenere le politiche del Comune di Latina da me proposte, a sostegno della cultura veneta in Agro pontino. La Regione Veneto collaborer\u00e0 con noi per sostenere, promuovere e tutelare la lingua, le tradizioni, la storia ed il forte legame tra le famiglie rimaste in Veneto e quelle trasferitesi sul nostro territorio ai tempi della Bonifica. Mentre la Regione Lazio non sa neanche di cosa parliamo, presa com\u2019\u00e8 dalle sue radici fortemente romane, la Regione Veneto si \u00e8 fatta parte di un grande progetto culturale riguardante la citt\u00e0 di Latina, le sue origini ed il suo sviluppo. In definitiva consideriamo Zaia il nostro presidente, perch\u00e9 \u00e8 molto pi\u00f9 vicino a noi della sinistra ideologica e parassitaria di Roma\u201d .<\/p>\n<p style=\"text-align: justify;\">Con queste parole il candidato sindaco del centrodestra di Latina, Nicola Calandrini, ha commentato gli impegni assunti a sostegno della citt\u00e0 dal Governatore del Veneto, Luca Zaia: \u201cLa sua presenza ha per me una valenza doppia: politica, perch\u00e9 d\u00e0 corpo ad una nuova proposta da contrapporre e anteporre al monopolio renziano; amministrativa, perche Zaia rappresenta un modello di politica del fare, \u00e8 stato un grande ministro dell\u2019Agricoltura e sicuramente con la sua esperienza ci consentir\u00e0 di attivare azioni concrete a favore dei nostri agricoltori\u201d.<\/p>\n<p style=\"text-align: justify;\">Calandrini ha sottolineato i meriti di migliaia di famiglie venete giunte in terra pontina negli anni \u201930: \u201cUn enorme patrimonio creato da quattro generazioni che sar\u00e0 nostro dovere non disperdere ma valorizzare. A partire dal sostegno all\u2019Agricoltura, attraverso l\u2019attivazione di uno sportello unico e attraverso azioni di sostegno al credito e all&#8217;innovazione per un comparto che vede la provincia di Latina tra le prime dieci d\u2019Italia\u201d.<\/p>\n<p>&nbsp;<\/p>\n<div class=\"radio-posizionamento-telefono-in-articoli-dopo-il-contenuto-articolo radio-entity-placement\" id=\"radio-3784960865\"><div id=\"radio-283828875\"><a href=\"https:\/\/grupporedi.it\/\" aria-label=\"Redi-Qr\"><img loading=\"lazy\" decoding=\"async\" src=\"https:\/\/www.radioluna.it\/news\/wp-content\/uploads\/2026\/03\/Redi-Qr.jpg\" alt=\"\"  srcset=\"https:\/\/www.radioluna.it\/news\/wp-content\/uploads\/2026\/03\/Redi-Qr.jpg 800w, https:\/\/www.radioluna.it\/news\/wp-content\/uploads\/2026\/03\/Redi-Qr-768x639.jpg 768w\" sizes=\"(max-width: 800px) 100vw, 800px\" width=\"300\" height=\"250\"   \/><\/a><\/div><\/div>","protected":false},"excerpt":{"rendered":"<p>LATINA &#8211; \u201cNel corso della sua visita a Latina il Governatore del Veneto Luca Zaia si \u00e8 impegnato a sostenere le politiche del Comune di Latina da me proposte, a sostegno della cultura veneta in Agro pontino. La Regione Veneto collaborer\u00e0 con noi per sostenere, promuovere e tutelare la lingua, le tradizioni, la storia ed [&hellip;]<\/p>\n","protected":false},"author":60,"featured_media":0,"comment_status":"open","ping_status":"closed","sticky":false,"template":"","format":"standard","meta":{"footnotes":""},"categories":[8],"tags":[],"class_list":["post-178321","post","type-post","status-publish","format-standard","hentry","category-politica"],"_links":{"self":[{"href":"https:\/\/www.radioluna.it\/news\/wp-json\/wp\/v2\/posts\/178321","targetHints":{"allow":["GET"]}}],"collection":[{"href":"https:\/\/www.radioluna.it\/news\/wp-json\/wp\/v2\/posts"}],"about":[{"href":"https:\/\/www.radioluna.it\/news\/wp-json\/wp\/v2\/types\/post"}],"author":[{"embeddable":true,"href":"https:\/\/www.radioluna.it\/news\/wp-json\/wp\/v2\/users\/60"}],"replies":[{"embeddable":true,"href":"https:\/\/www.radioluna.it\/news\/wp-json\/wp\/v2\/comments?post=178321"}],"version-history":[{"count":0,"href":"https:\/\/www.radioluna.it\/news\/wp-json\/wp\/v2\/posts\/178321\/revisions"}],"wp:attachment":[{"href":"https:\/\/www.radioluna.it\/news\/wp-json\/wp\/v2\/media?parent=178321"}],"wp:term":[{"taxonomy":"category","embeddable":true,"href":"https:\/\/www.radioluna.it\/news\/wp-json\/wp\/v2\/categories?post=178321"},{"taxonomy":"post_tag","embeddable":true,"href":"https:\/\/www.radioluna.it\/news\/wp-json\/wp\/v2\/tags?post=178321"}],"curies":[{"name":"wp","href":"https:\/\/api.w.org\/{rel}","templated":true}]}}