{"id":178363,"date":"2016-05-27T17:17:03","date_gmt":"2016-05-27T15:17:03","guid":{"rendered":"http:\/\/www.radioluna.it\/news\/?p=178363"},"modified":"2016-05-27T17:17:03","modified_gmt":"2016-05-27T15:17:03","slug":"calandrini-incontra-i-commercianti-ripensare-la-ztl","status":"publish","type":"post","link":"https:\/\/www.radioluna.it\/news\/2016\/05\/calandrini-incontra-i-commercianti-ripensare-la-ztl\/","title":{"rendered":"Calandrini incontra i commercianti: &#8220;Ripensare la ztl&#8221;"},"content":{"rendered":"<div id=\"fb-root\"><\/div>\n<p style=\"text-align: justify;\"><strong><a href=\"http:\/\/www.radioluna.it\/news\/wp-content\/uploads\/2016\/03\/meloni-calandrini.jpg\"><img loading=\"lazy\" decoding=\"async\" class=\"aligncenter size-thumbnail wp-image-174874\" src=\"http:\/\/www.radioluna.it\/news\/wp-content\/uploads\/2016\/03\/meloni-calandrini-689x458.jpg\" alt=\"meloni calandrini\" width=\"689\" height=\"458\" srcset=\"https:\/\/www.radioluna.it\/news\/wp-content\/uploads\/2016\/03\/meloni-calandrini-689x458.jpg 689w, https:\/\/www.radioluna.it\/news\/wp-content\/uploads\/2016\/03\/meloni-calandrini-768x511.jpg 768w, https:\/\/www.radioluna.it\/news\/wp-content\/uploads\/2016\/03\/meloni-calandrini-500x333.jpg 500w, https:\/\/www.radioluna.it\/news\/wp-content\/uploads\/2016\/03\/meloni-calandrini-600x400.jpg 600w, https:\/\/www.radioluna.it\/news\/wp-content\/uploads\/2016\/03\/meloni-calandrini-300x200.jpg 300w, https:\/\/www.radioluna.it\/news\/wp-content\/uploads\/2016\/03\/meloni-calandrini.jpg 800w\" sizes=\"auto, (max-width: 689px) 100vw, 689px\" \/><\/a>LATINA &#8211;<\/strong> \u201cRipensare la Ztl partendo da un presupposto, un centro storico da ripopolare attraverso nuove funzioni al servizio della cittadinanza\u201d: \u00e8 la proposta formulata da Nicola Calandrini nel corso di un nuovo incontro con gli operatori promosso da Federalberghi presso il Park Hotel di Latina.<\/p>\n<p style=\"text-align: justify;\">Il candidato sindaco del centrodestra ha preso spunto dalle problematiche pi\u00f9 urgenti, quelle che richiedono immediate risposte e concrete soluzioni: \u201cIn tempi brevi sar\u00e0 mio impegno, se sar\u00f2 eletto, prendere in esame le richieste dei commercianti avviando un dialogo con loro: il tempo degli ordini che piovono dall\u2019alto deve finire, noi punteremo tutto sul confronto e sulle scelte condivise. A partire dalla proposta della riapertura infrasettimanale della Ztl, una soluzione da adottare se non ci sar\u00e0 la possibilit\u00e0 di strutturare adeguatamente il progetto organizzando una serie di proposte ed eventi in grado di rendere il cuore della citt\u00e0 un\u2019attrattiva per la gente\u201d.<\/p>\n<p style=\"text-align: justify;\">Calandrini si \u00e8 poi soffermato sugli interventi da programmare a medio \u2013 lungo termine: \u201cPi\u00f9 che sulla Ztl la nostra attenzione andr\u00e0 focalizzata sul centro storico, avviando su pi\u00f9 fronti un vero e proprio ripopolamento. In tal senso sono convinto che\u00a0 si debbano proporre nuove funzioni del centro e per questo reputo necessaria la creazione di poli economici e culturali nel cuore di Latina: penso al Mercato Annonario, da riportare nella sua sede originaria per restituire all\u2019edificio la sua storica destinazione; penso a Palazzo M, prestigiosa sede ideale per l\u2019Universit\u00e0; penso al recupero dei capannoni dell\u2019ex Consorzio Agrario, adatti ad ospitare il conservatorio Respighi e altre attivit\u00e0 culturali. Cos\u00ec facendo creeremmo strutture pienamente inserite nel tessuto urbano e cancelleremmo quell\u2019etichetta di edifici isolati e riservati ad un\u2019utenza quasi selezionata\u201d.<\/p>\n<p>&nbsp;<\/p>\n<div class=\"radio-posizionamento-telefono-in-articoli-dopo-il-contenuto-articolo radio-entity-placement\" id=\"radio-3989579259\"><div id=\"radio-1184919480\"><a href=\"https:\/\/www.simeoneceramiche.com\/\" aria-label=\"SIMEONE CERAMICHE GIF animata per radioluna_Tavola disegno 1 copia 2 (online-video-cutter.com)\"><img loading=\"lazy\" decoding=\"async\" src=\"https:\/\/www.radioluna.it\/news\/wp-content\/uploads\/2025\/05\/SIMEONE-CERAMICHE-GIF-animata-per-radioluna_Tavola-disegno-1-copia-2-online-video-cutter.com_.gif\" alt=\"\"  width=\"300\" height=\"250\"   \/><\/a><\/div><\/div>","protected":false},"excerpt":{"rendered":"<p>LATINA &#8211; \u201cRipensare la Ztl partendo da un presupposto, un centro storico da ripopolare attraverso nuove funzioni al servizio della cittadinanza\u201d: \u00e8 la proposta formulata da Nicola Calandrini nel corso di un nuovo incontro con gli operatori promosso da Federalberghi presso il Park Hotel di Latina. Il candidato sindaco del centrodestra ha preso spunto dalle [&hellip;]<\/p>\n","protected":false},"author":60,"featured_media":174874,"comment_status":"open","ping_status":"closed","sticky":false,"template":"","format":"standard","meta":{"footnotes":""},"categories":[8],"tags":[],"class_list":["post-178363","post","type-post","status-publish","format-standard","has-post-thumbnail","hentry","category-politica"],"_links":{"self":[{"href":"https:\/\/www.radioluna.it\/news\/wp-json\/wp\/v2\/posts\/178363","targetHints":{"allow":["GET"]}}],"collection":[{"href":"https:\/\/www.radioluna.it\/news\/wp-json\/wp\/v2\/posts"}],"about":[{"href":"https:\/\/www.radioluna.it\/news\/wp-json\/wp\/v2\/types\/post"}],"author":[{"embeddable":true,"href":"https:\/\/www.radioluna.it\/news\/wp-json\/wp\/v2\/users\/60"}],"replies":[{"embeddable":true,"href":"https:\/\/www.radioluna.it\/news\/wp-json\/wp\/v2\/comments?post=178363"}],"version-history":[{"count":0,"href":"https:\/\/www.radioluna.it\/news\/wp-json\/wp\/v2\/posts\/178363\/revisions"}],"wp:featuredmedia":[{"embeddable":true,"href":"https:\/\/www.radioluna.it\/news\/wp-json\/wp\/v2\/media\/174874"}],"wp:attachment":[{"href":"https:\/\/www.radioluna.it\/news\/wp-json\/wp\/v2\/media?parent=178363"}],"wp:term":[{"taxonomy":"category","embeddable":true,"href":"https:\/\/www.radioluna.it\/news\/wp-json\/wp\/v2\/categories?post=178363"},{"taxonomy":"post_tag","embeddable":true,"href":"https:\/\/www.radioluna.it\/news\/wp-json\/wp\/v2\/tags?post=178363"}],"curies":[{"name":"wp","href":"https:\/\/api.w.org\/{rel}","templated":true}]}}