{"id":178364,"date":"2016-05-27T17:26:45","date_gmt":"2016-05-27T15:26:45","guid":{"rendered":"http:\/\/www.radioluna.it\/news\/?p=178364"},"modified":"2016-05-27T17:26:45","modified_gmt":"2016-05-27T15:26:45","slug":"i-candidati-lbc-invadono-la-citta","status":"publish","type":"post","link":"https:\/\/www.radioluna.it\/news\/2016\/05\/i-candidati-lbc-invadono-la-citta\/","title":{"rendered":"I candidati Lbc &#8220;invadono&#8221; la citt\u00e0"},"content":{"rendered":"<div id=\"fb-root\"><\/div>\n<p style=\"text-align: justify;\"><strong><a href=\"http:\/\/www.radioluna.it\/news\/wp-content\/uploads\/2016\/02\/damiano-coletta-LBC.jpg\"><img loading=\"lazy\" decoding=\"async\" class=\"aligncenter size-thumbnail wp-image-173581\" src=\"http:\/\/www.radioluna.it\/news\/wp-content\/uploads\/2016\/02\/damiano-coletta-LBC-635x423.jpg\" alt=\"damiano coletta LBC\" width=\"635\" height=\"423\" srcset=\"https:\/\/www.radioluna.it\/news\/wp-content\/uploads\/2016\/02\/damiano-coletta-LBC-635x423.jpg 635w, https:\/\/www.radioluna.it\/news\/wp-content\/uploads\/2016\/02\/damiano-coletta-LBC-768x511.jpg 768w, https:\/\/www.radioluna.it\/news\/wp-content\/uploads\/2016\/02\/damiano-coletta-LBC-500x333.jpg 500w, https:\/\/www.radioluna.it\/news\/wp-content\/uploads\/2016\/02\/damiano-coletta-LBC-600x400.jpg 600w, https:\/\/www.radioluna.it\/news\/wp-content\/uploads\/2016\/02\/damiano-coletta-LBC-300x200.jpg 300w, https:\/\/www.radioluna.it\/news\/wp-content\/uploads\/2016\/02\/damiano-coletta-LBC-800x533.jpg 800w, https:\/\/www.radioluna.it\/news\/wp-content\/uploads\/2016\/02\/damiano-coletta-LBC.jpg 960w\" sizes=\"auto, (max-width: 635px) 100vw, 635px\" \/><\/a>LATINA &#8211;<\/strong> Domenica sar\u00e0 il giorno dell\u2019invasione pacifica da parte dei candidati di LBC che si preparano ad occupare la citt\u00e0. Saranno prodotti in quantit\u00e0 industriali sorrisi, strette di mano e, soprattutto, confronti. Domenica mattina Latina si risveglier\u00e0 tinta di verde e giallo, i colori che contraddistinguono il movimento civico guidato da Damiano Coletta. \u00c8 il \u201cGazebo Day\u201d, ci saranno oltre venti banchetti sparsi per la citt\u00e0, borghi inclusi, presidiati dagli 88 candidati di Latina Bene Comune che scenderanno in campo per incontrare i cittadini e illustrare le proposte e i progetti contenuti nel programma di LBC.\u00a0Una mobilitazione cui parteciperanno anche gli attivisti e i sostenitori del movimento, per raggiungere e informare quante pi\u00f9 persone possibili. La mappa prevede: quattro postazioni in centro, due in area Tribunale, Piazza Moro e Piccarello, un banchetto a copertura della zona di Viale Kennedy, Viale Le Corbusier e Via Bruxelles, tre per area Morbella e Lido di Latina, due nei quartieri Q4 e Q5. Un gazebo sar\u00e0 allestito anche a Latina Scalo e in tutti i Borghi del comprensorio comunale.\u00a0Ogni postazione sar\u00e0 presidiata da un gruppo di tre o quattro persone tra candidati e militanti: \u00abUn grande impegno organizzativo \u2013 dicono dal movimento \u2013 perch\u00e9 attraverso l\u2019informazione tutti i cittadini possano scegliere consapevolmente di sostenere il cambiamento\u00bb.\u00a0I gazebo saranno allestiti dalle 9 alle 12.30, ed in qualche caso si arriver\u00e0 fino al pomeriggio inoltrato.<\/p>\n<div class=\"radio-posizionamento-telefono-in-articoli-dopo-il-contenuto-articolo radio-entity-placement\" id=\"radio-646904087\"><div id=\"radio-715062242\" style=\"width: 300px;height: 250px;\"><a href=\"https:\/\/www.icarspa.it\/auto\/usate\/latina\/\" aria-label=\"banner aprile icar new life &#8211; auto usate latina\"><img loading=\"lazy\" decoding=\"async\" src=\"https:\/\/www.radioluna.it\/news\/wp-content\/uploads\/2026\/02\/banner-aprile-icar-new-life-auto-usate-latina.gif\" alt=\"\"  width=\"300\" height=\"250\"   \/><\/a><\/div><\/div>","protected":false},"excerpt":{"rendered":"<p>LATINA &#8211; Domenica sar\u00e0 il giorno dell\u2019invasione pacifica da parte dei candidati di LBC che si preparano ad occupare la citt\u00e0. Saranno prodotti in quantit\u00e0 industriali sorrisi, strette di mano e, soprattutto, confronti. Domenica mattina Latina si risveglier\u00e0 tinta di verde e giallo, i colori che contraddistinguono il movimento civico guidato da Damiano Coletta. \u00c8 [&hellip;]<\/p>\n","protected":false},"author":60,"featured_media":173581,"comment_status":"open","ping_status":"closed","sticky":false,"template":"","format":"standard","meta":{"footnotes":""},"categories":[8],"tags":[],"class_list":["post-178364","post","type-post","status-publish","format-standard","has-post-thumbnail","hentry","category-politica"],"_links":{"self":[{"href":"https:\/\/www.radioluna.it\/news\/wp-json\/wp\/v2\/posts\/178364","targetHints":{"allow":["GET"]}}],"collection":[{"href":"https:\/\/www.radioluna.it\/news\/wp-json\/wp\/v2\/posts"}],"about":[{"href":"https:\/\/www.radioluna.it\/news\/wp-json\/wp\/v2\/types\/post"}],"author":[{"embeddable":true,"href":"https:\/\/www.radioluna.it\/news\/wp-json\/wp\/v2\/users\/60"}],"replies":[{"embeddable":true,"href":"https:\/\/www.radioluna.it\/news\/wp-json\/wp\/v2\/comments?post=178364"}],"version-history":[{"count":0,"href":"https:\/\/www.radioluna.it\/news\/wp-json\/wp\/v2\/posts\/178364\/revisions"}],"wp:featuredmedia":[{"embeddable":true,"href":"https:\/\/www.radioluna.it\/news\/wp-json\/wp\/v2\/media\/173581"}],"wp:attachment":[{"href":"https:\/\/www.radioluna.it\/news\/wp-json\/wp\/v2\/media?parent=178364"}],"wp:term":[{"taxonomy":"category","embeddable":true,"href":"https:\/\/www.radioluna.it\/news\/wp-json\/wp\/v2\/categories?post=178364"},{"taxonomy":"post_tag","embeddable":true,"href":"https:\/\/www.radioluna.it\/news\/wp-json\/wp\/v2\/tags?post=178364"}],"curies":[{"name":"wp","href":"https:\/\/api.w.org\/{rel}","templated":true}]}}