{"id":178416,"date":"2016-05-30T11:12:45","date_gmt":"2016-05-30T09:12:45","guid":{"rendered":"http:\/\/www.radioluna.it\/news\/?p=178416"},"modified":"2016-05-30T11:12:45","modified_gmt":"2016-05-30T09:12:45","slug":"politic-style-50-sfumature-di-blu","status":"publish","type":"post","link":"https:\/\/www.radioluna.it\/news\/2016\/05\/politic-style-50-sfumature-di-blu\/","title":{"rendered":"Politic style, 50 sfumature di blu"},"content":{"rendered":"<div id=\"fb-root\"><\/div>\n<p style=\"text-align: justify;\"><strong><a href=\"http:\/\/www.radioluna.it\/news\/wp-content\/uploads\/2016\/05\/candidati-lavinia.jpg\"><img loading=\"lazy\" decoding=\"async\" class=\" wp-image-178417 alignleft\" src=\"http:\/\/www.radioluna.it\/news\/wp-content\/uploads\/2016\/05\/candidati-lavinia-667x1200.jpg\" alt=\"candidati lavinia\" width=\"352\" height=\"633\" srcset=\"https:\/\/www.radioluna.it\/news\/wp-content\/uploads\/2016\/05\/candidati-lavinia-667x1200.jpg 667w, https:\/\/www.radioluna.it\/news\/wp-content\/uploads\/2016\/05\/candidati-lavinia-167x300.jpg 167w, https:\/\/www.radioluna.it\/news\/wp-content\/uploads\/2016\/05\/candidati-lavinia-569x1024.jpg 569w, https:\/\/www.radioluna.it\/news\/wp-content\/uploads\/2016\/05\/candidati-lavinia-800x1440.jpg 800w, https:\/\/www.radioluna.it\/news\/wp-content\/uploads\/2016\/05\/candidati-lavinia-300x540.jpg 300w, https:\/\/www.radioluna.it\/news\/wp-content\/uploads\/2016\/05\/candidati-lavinia.jpg 889w\" sizes=\"auto, (max-width: 352px) 100vw, 352px\" \/><\/a>LATINA<\/strong> &#8211; Politica \u00e8 un po&#8217; come calcare la passerella: scenografie e location suggestive dove si indossano programmi e idee pronte a sfilare davanti ad un pubblico selettivo ed esigente.<br \/>\nL&#8217;Italia \u00e8 sicuramente una repubblica fondata sullo stile e il buongusto e gli esponenti dei vari partiti abbracciano piacevolmente il cosiddetto &#8220;Made in Italy&#8221; . Gli status symbol dei palazzi del potere sfoggiano abiti e accessori che acquisiscono via via una sorta di simbologia , diventando quindi fonte d&#8217;influenza e ispirazione degli elettori.<br \/>\nStile da leader, outfit da premier e mise composte : questa \u00e8 la moda che sposano i candidati della citt\u00e0 di Latina.<br \/>\n50 sfumature di pinstrip per Tripodi, che predilige un classico gessato grigio con cravatta rosa anch&#8217;essa a righe ma trasversali. Messaggi indiretti ?<br \/>\nStesso discorso per Chiarato, i mille volti del gessato, ma questa volta con camicia celeste button down con doppi bottoni leggermente aperta e senza cravatta. Andr\u00e0 forse di corsa?<br \/>\nAvvistato Lemma nella cabina armadio di Lapo Elkann&#8230; chi ha detto che un abbigliamento formale non passa lasciar spazio alla creativit\u00e0? Lana pettinata, check stile burberry e righe , tutto rigorosamente color oceano.<br \/>\nCalvi punta sul sorriso, la sua moda \u00e8 vintage e classica, camicia bianca, abito nero pulito e cravatta blu, ma queste nuances non gli rendono giustizia.<br \/>\nUguale De Monaco, che abbina sapientemente la cravatta al colore della sua pelle. Un &#8220;wrapping&#8221; troppo retro&#8217;.<br \/>\nDiverso Calvani che sposa un look casual e meno formale, vuole sentirsi pi\u00f9 vicino al popolo? Non saprei, ma il maglioncino in acrilico&#8230; No.<br \/>\nE se per le donne le ballerine sono croce e delizia, la cravatta per gli uomini non \u00e8 da meno, giallo paglierino per Calandrini che l&#8217;abbina ad una giacca grigia e una camicia cielo sereno. Molto fresh.<br \/>\nQuello che salta all&#8217;occhio di Savastano non \u00e8 l&#8217;outfit perch\u00e9 certamente omologato ad altri, ma indossa uno sguardo deciso e da sfida. Marco , relax take it easy !<br \/>\nColetta azzarda con il denim, ma il risultato \u00e8 &#8220;friendly&#8221;. Snikers, jeans e giacca: stile contemporaneo, ci piace.<br \/>\nAncora blu blu blu per Forte, che per non sbagliare sceglie tutto blu .<br \/>\nLa strada \u00e8 pi\u00f9 semplice per la Sovrani, l&#8217;unica donna candidata che ha ovviamente un ventaglio di possibilit\u00e0 in fatto di look.\u00a0Occhiali oversize e colori accessi dal rosso al fuxia e capelli spesso spettinati, significher\u00e0 che si sta muovendo ?<br \/>\nLa politic style \u00e8 piuttosto noiosa e seriosa, quello che sappiamo \u00e8 che la camicia bianca non \u00e8 pi\u00f9 una certezza!<br \/>\nTra una cena politica e un evento mondano non mancheranno occasioni per scrutare tutti i look, e se qualcuno inciampa? Applausi e flash&#8230;<br \/>\nTranquilli &#8220;the show must go on&#8221;!<\/p>\n<div class=\"radio-posizionamento-telefono-in-articoli-dopo-il-contenuto-articolo radio-entity-placement\" id=\"radio-3261834419\"><div id=\"radio-1687658949\" style=\"width: 300px;height: 250px;\"><a href=\"https:\/\/www.icarspa.it\/auto\/usate\/latina\/\" aria-label=\"banner aprile icar new life &#8211; auto usate latina\"><img loading=\"lazy\" decoding=\"async\" src=\"https:\/\/www.radioluna.it\/news\/wp-content\/uploads\/2026\/02\/banner-aprile-icar-new-life-auto-usate-latina.gif\" alt=\"\"  width=\"300\" height=\"250\"   \/><\/a><\/div><\/div>","protected":false},"excerpt":{"rendered":"<p>LATINA &#8211; Politica \u00e8 un po&#8217; come calcare la passerella: scenografie e location suggestive dove si indossano programmi e idee pronte a sfilare davanti ad un pubblico selettivo ed esigente. L&#8217;Italia \u00e8 sicuramente una repubblica fondata sullo stile e il buongusto e gli esponenti dei vari partiti abbracciano piacevolmente il cosiddetto &#8220;Made in Italy&#8221; . [&hellip;]<\/p>\n","protected":false},"author":60,"featured_media":176356,"comment_status":"open","ping_status":"closed","sticky":false,"template":"","format":"standard","meta":{"footnotes":""},"categories":[735],"tags":[],"class_list":["post-178416","post","type-post","status-publish","format-standard","has-post-thumbnail","hentry","category-attualita"],"_links":{"self":[{"href":"https:\/\/www.radioluna.it\/news\/wp-json\/wp\/v2\/posts\/178416","targetHints":{"allow":["GET"]}}],"collection":[{"href":"https:\/\/www.radioluna.it\/news\/wp-json\/wp\/v2\/posts"}],"about":[{"href":"https:\/\/www.radioluna.it\/news\/wp-json\/wp\/v2\/types\/post"}],"author":[{"embeddable":true,"href":"https:\/\/www.radioluna.it\/news\/wp-json\/wp\/v2\/users\/60"}],"replies":[{"embeddable":true,"href":"https:\/\/www.radioluna.it\/news\/wp-json\/wp\/v2\/comments?post=178416"}],"version-history":[{"count":0,"href":"https:\/\/www.radioluna.it\/news\/wp-json\/wp\/v2\/posts\/178416\/revisions"}],"wp:featuredmedia":[{"embeddable":true,"href":"https:\/\/www.radioluna.it\/news\/wp-json\/wp\/v2\/media\/176356"}],"wp:attachment":[{"href":"https:\/\/www.radioluna.it\/news\/wp-json\/wp\/v2\/media?parent=178416"}],"wp:term":[{"taxonomy":"category","embeddable":true,"href":"https:\/\/www.radioluna.it\/news\/wp-json\/wp\/v2\/categories?post=178416"},{"taxonomy":"post_tag","embeddable":true,"href":"https:\/\/www.radioluna.it\/news\/wp-json\/wp\/v2\/tags?post=178416"}],"curies":[{"name":"wp","href":"https:\/\/api.w.org\/{rel}","templated":true}]}}