{"id":178710,"date":"2016-06-06T10:08:59","date_gmt":"2016-06-06T08:08:59","guid":{"rendered":"http:\/\/www.radioluna.it\/news\/?p=178710"},"modified":"2016-06-06T10:08:59","modified_gmt":"2016-06-06T08:08:59","slug":"latina-strade-e-marciapiedi-invasi-dalla-spazzatura","status":"publish","type":"post","link":"https:\/\/www.radioluna.it\/news\/2016\/06\/latina-strade-e-marciapiedi-invasi-dalla-spazzatura\/","title":{"rendered":"Latina, strade e marciapiedi invasi dalla spazzatura"},"content":{"rendered":"<div id=\"fb-root\"><\/div>\n<div id=\"attachment_178711\" style=\"width: 699px\" class=\"wp-caption aligncenter\"><a href=\"http:\/\/www.radioluna.it\/news\/wp-content\/uploads\/2016\/06\/spazzatura.jpg\"><img loading=\"lazy\" decoding=\"async\" aria-describedby=\"caption-attachment-178711\" class=\"size-thumbnail wp-image-178711\" src=\"http:\/\/www.radioluna.it\/news\/wp-content\/uploads\/2016\/06\/spazzatura-689x387.jpg\" alt=\"Via Satrico\" width=\"689\" height=\"387\" srcset=\"https:\/\/www.radioluna.it\/news\/wp-content\/uploads\/2016\/06\/spazzatura-689x387.jpg 689w, https:\/\/www.radioluna.it\/news\/wp-content\/uploads\/2016\/06\/spazzatura-300x169.jpg 300w, https:\/\/www.radioluna.it\/news\/wp-content\/uploads\/2016\/06\/spazzatura-800x450.jpg 800w, https:\/\/www.radioluna.it\/news\/wp-content\/uploads\/2016\/06\/spazzatura.jpg 852w\" sizes=\"auto, (max-width: 689px) 100vw, 689px\" \/><\/a><p id=\"caption-attachment-178711\" class=\"wp-caption-text\">Via Satrico<\/p><\/div>\n<p><strong>LATINA<\/strong> &#8211;\u00a0Da una settimana la raccolta dei rifiuti a Latina \u00e8 un disastro. La citt\u00e0 \u00e8 in ginocchio con \u00a0centinaia di sacchetti rovesciati sui marciapiedi che a tratti sono impraticabili. Quello ritratto nella foto \u00e8 solo un piccolo esempio, a pochi passi dal centro, in Via Satrico.<\/p>\n<div class=\"radio-posizionamento-telefono-in-articoli-dopo-il-contenuto-articolo radio-entity-placement\" id=\"radio-3020699785\"><div id=\"radio-3274712833\"><a href=\"https:\/\/www.simeoneceramiche.com\/\" aria-label=\"SIMEONE CERAMICHE GIF animata per radioluna_Tavola disegno 1 copia 2 (online-video-cutter.com)\"><img loading=\"lazy\" decoding=\"async\" src=\"https:\/\/www.radioluna.it\/news\/wp-content\/uploads\/2025\/05\/SIMEONE-CERAMICHE-GIF-animata-per-radioluna_Tavola-disegno-1-copia-2-online-video-cutter.com_.gif\" alt=\"\"  width=\"300\" height=\"250\"   \/><\/a><\/div><\/div>","protected":false},"excerpt":{"rendered":"<p>LATINA &#8211;\u00a0Da una settimana la raccolta dei rifiuti a Latina \u00e8 un disastro. La citt\u00e0 \u00e8 in ginocchio con \u00a0centinaia di sacchetti rovesciati sui marciapiedi che a tratti sono impraticabili. Quello ritratto nella foto \u00e8 solo un piccolo esempio, a pochi passi dal centro, in Via Satrico.<\/p>\n","protected":false},"author":62,"featured_media":178711,"comment_status":"open","ping_status":"closed","sticky":false,"template":"","format":"standard","meta":{"footnotes":""},"categories":[735],"tags":[],"class_list":["post-178710","post","type-post","status-publish","format-standard","has-post-thumbnail","hentry","category-attualita"],"_links":{"self":[{"href":"https:\/\/www.radioluna.it\/news\/wp-json\/wp\/v2\/posts\/178710","targetHints":{"allow":["GET"]}}],"collection":[{"href":"https:\/\/www.radioluna.it\/news\/wp-json\/wp\/v2\/posts"}],"about":[{"href":"https:\/\/www.radioluna.it\/news\/wp-json\/wp\/v2\/types\/post"}],"author":[{"embeddable":true,"href":"https:\/\/www.radioluna.it\/news\/wp-json\/wp\/v2\/users\/62"}],"replies":[{"embeddable":true,"href":"https:\/\/www.radioluna.it\/news\/wp-json\/wp\/v2\/comments?post=178710"}],"version-history":[{"count":0,"href":"https:\/\/www.radioluna.it\/news\/wp-json\/wp\/v2\/posts\/178710\/revisions"}],"wp:featuredmedia":[{"embeddable":true,"href":"https:\/\/www.radioluna.it\/news\/wp-json\/wp\/v2\/media\/178711"}],"wp:attachment":[{"href":"https:\/\/www.radioluna.it\/news\/wp-json\/wp\/v2\/media?parent=178710"}],"wp:term":[{"taxonomy":"category","embeddable":true,"href":"https:\/\/www.radioluna.it\/news\/wp-json\/wp\/v2\/categories?post=178710"},{"taxonomy":"post_tag","embeddable":true,"href":"https:\/\/www.radioluna.it\/news\/wp-json\/wp\/v2\/tags?post=178710"}],"curies":[{"name":"wp","href":"https:\/\/api.w.org\/{rel}","templated":true}]}}