{"id":178807,"date":"2016-06-08T13:19:49","date_gmt":"2016-06-08T11:19:49","guid":{"rendered":"http:\/\/www.radioluna.it\/news\/?p=178807"},"modified":"2016-06-09T06:56:16","modified_gmt":"2016-06-09T04:56:16","slug":"ballottaggio-il-voto-di-domenica-19-porta-consiglio-ecco-quale","status":"publish","type":"post","link":"https:\/\/www.radioluna.it\/news\/2016\/06\/ballottaggio-il-voto-di-domenica-19-porta-consiglio-ecco-quale\/","title":{"rendered":"Ballottaggio, il voto di domenica 19 porta Consiglio: ecco quale"},"content":{"rendered":"<div id=\"fb-root\"><\/div>\n<p style=\"text-align: justify;\"><a href=\"http:\/\/www.radioluna.it\/news\/wp-content\/uploads\/2016\/06\/AULA-CONSILIARE-POSTI-CONSIGLIERI.jpg\"><img loading=\"lazy\" decoding=\"async\" class=\"aligncenter size-thumbnail wp-image-178808\" src=\"http:\/\/www.radioluna.it\/news\/wp-content\/uploads\/2016\/06\/AULA-CONSILIARE-POSTI-CONSIGLIERI-689x458.jpg\" alt=\"AULA CONSILIARE POSTI CONSIGLIERI\" width=\"689\" height=\"458\" srcset=\"https:\/\/www.radioluna.it\/news\/wp-content\/uploads\/2016\/06\/AULA-CONSILIARE-POSTI-CONSIGLIERI-689x458.jpg 689w, https:\/\/www.radioluna.it\/news\/wp-content\/uploads\/2016\/06\/AULA-CONSILIARE-POSTI-CONSIGLIERI-300x200.jpg 300w, https:\/\/www.radioluna.it\/news\/wp-content\/uploads\/2016\/06\/AULA-CONSILIARE-POSTI-CONSIGLIERI.jpg 786w\" sizes=\"auto, (max-width: 689px) 100vw, 689px\" \/><\/a><strong>LATINA<\/strong> &#8211;\u00a0Nessun apparentamento al ballottaggio. Latina si avvia cos\u00ec all&#8217;appuntamento del 19 giugno. I due candidati saranno ufficialmente soli.<\/p>\n<p style=\"text-align: justify;\">A Damiano Coletta non \u00e8 servito arrivare alla riunione dell&#8217;assemblea in programma gioved\u00ec quando gli iscritti al Movimento civico ratificheranno una decisione gi\u00e0 presa:\u00a0\u00abIl movimento Latina Bene Comune \u00e8 apartitico e in quanto tale non far\u00e0 apparentamenti con nessuno. Il nostro obiettivo \u00e8 e rimane il bene comune, pertanto qualsiasi sostegno arriver\u00e0 a favore del bene comune sar\u00e0 bene accetto\u00bb.<\/p>\n<p style=\"text-align: justify;\">Anche Calandrini e Calvi non sembrano intenzionati a fare patti anche se il primo punta a prendere i voti del secondo e l&#8217;azzurro ha gi\u00e0 dichiarato che \u00e8 naturale il voto al centrodestra. \u201cVogliamo che i cittadini comprendano bene le differenze tra le due proposte\u201d, dice Calandrini.<\/p>\n<p>Ma vediamo che cosa accadrebbe in Consiglio Comunale nei due casi.<\/p>\n<p style=\"text-align: justify;\"><strong>VITTORIA DI NICOLA CALANDRINI <\/strong><br \/>\n<strong>MAGGIORANZA<\/strong> \u00a0&#8211; Nicola Calandrini porta con s\u00e9 i pi\u00f9 votati della \u00a0lista del sindaco: entrano Matilde Celentano, Enrico Dellapiet\u00e0, Luigi Pescuma, Alessandro Paletta e Simona Mul\u00e8; con Cuori italiani torna in aula il gruppo dei veterani della politica del capoluogo, cinque consiglieri che rispondono ai nomi di Raimondo Tiero, Patrizia Fanti, Gianluca Di Cocco, Andrea Fanti e Alessandro Catani. Con Fratelli D&#8217;Italia Andrea Marchiella, Renzo Scalco, Marco Ghirotto, Marco Iannarilli, Teresa De Luca, Noi con Salvini porta in consiglio Matteo Adinolfi, Vincenzo Valletta, Paolo Frison e infine Isabella Dionigi entra con Latina Scalo Protagonista.<\/p>\n<p style=\"text-align: justify;\"><strong>OPPOSIZIONE<\/strong> \u00a0&#8211; All&#8217;opposizione siederebbero i candidati sindaco non eletti Damiano Coletta, Enrico Forte (che si dimetter\u00e0 optando per restare consigliere regionale, lasciando cos\u00ec il posto presumibilmente al primo degli eletti del PD); Alessandro Calvi e Orlando Tripodi. Per Latina Bene Comune entrerebbe Dario Bellini ; Laura Perazzotti di Latina Rinasce e Cristina Leggio di Lbc Giovani. Per il Pd: Massimiliano Carnevale, Nicoletta Zuliani, Fabrizio Porcari, con la civica di Enrico Forte Matteo Coluzzi, per Forza Italia il pi\u00f9 votato, Giorgio Ialongo e la seconda preferita Giovanna Miele.<\/p>\n<p><strong>VITTORIA DI DAMIANO COLETTA<\/strong><\/p>\n<p style=\"text-align: justify;\"><strong>MAGGIORANZA<\/strong> &#8211; Con lo schieramento di Latina Bene Comune entrano Damiano Coletta pi\u00f9 19 consiglieri: 9 della lista Latina Bene Comune, Dario Bellini, Nino Leotta, Celina Mattei, Loretta Isotton, Massimo Di Trento, Maria Grazia Ciolfi, Massimiliano Colazingari, Antonella Di Muro, Fabio D&#8217;Achille; 6 di Latina Rinasce, Laura Perazzotti, Maria Paola Briganti, Eugenio Lendaro, Salvatore Antoci, Luisa Mobili, Olivier Tassi e 4 di LBC Giovani, Cristina Leggio, Francesco Giri, Valeria Campagna, Emanuele Di Russo (la met\u00e0 dell\u2019intero gruppo consiliare, saranno donne).<\/p>\n<p style=\"text-align: justify;\"><strong>OPPOSIZIONE<\/strong> &#8211; I candidati sindaco non eletti, Nicola Calandrini, Enrico Forte, Alessandro Calvi (ma non Orlando Tripodi scalzato dalla forza delle liste di Calandrini). Entrerebbe poi un consigliere di Latina Scalo Protagonista Matilde Eleonora Celentano, Raimondo Tiero di Cuori Italiani, Andrea Marchiella di Fratelli D&#8217;Italia, Matteo Adinolfi di Noi con Salvini; per il Pd Massimiliano Carnevale, Nicoletta Zuliani e Fabrizio Porcari (ma qui dopo le dimissioni scontate di Enrico Forte si aprir\u00e0 un altro posto), Matteo Coluzzi per Enrico Forte Sindaco; infine come nell&#8217;altra ipotesi\u00a0per Forza Italia il pi\u00f9 votato, Giorgio Ialongo e la seconda preferita Giovanna Miele.<\/p>\n<div class=\"radio-posizionamento-telefono-in-articoli-dopo-il-contenuto-articolo radio-entity-placement\" id=\"radio-3967662795\"><div id=\"radio-3065646462\"><a href=\"https:\/\/grupporedi.it\/\" aria-label=\"Redi-Qr\"><img loading=\"lazy\" decoding=\"async\" src=\"https:\/\/www.radioluna.it\/news\/wp-content\/uploads\/2026\/03\/Redi-Qr.jpg\" alt=\"\"  srcset=\"https:\/\/www.radioluna.it\/news\/wp-content\/uploads\/2026\/03\/Redi-Qr.jpg 800w, https:\/\/www.radioluna.it\/news\/wp-content\/uploads\/2026\/03\/Redi-Qr-768x639.jpg 768w\" sizes=\"(max-width: 800px) 100vw, 800px\" width=\"300\" height=\"250\"   \/><\/a><\/div><\/div>","protected":false},"excerpt":{"rendered":"<p>LATINA &#8211;\u00a0Nessun apparentamento al ballottaggio. Latina si avvia cos\u00ec all&#8217;appuntamento del 19 giugno. I due candidati saranno ufficialmente soli. A Damiano Coletta non \u00e8 servito arrivare alla riunione dell&#8217;assemblea in programma gioved\u00ec quando gli iscritti al Movimento civico ratificheranno una decisione gi\u00e0 presa:\u00a0\u00abIl movimento Latina Bene Comune \u00e8 apartitico e in quanto tale non far\u00e0 [&hellip;]<\/p>\n","protected":false},"author":62,"featured_media":178808,"comment_status":"open","ping_status":"closed","sticky":false,"template":"","format":"standard","meta":{"footnotes":""},"categories":[8],"tags":[],"class_list":["post-178807","post","type-post","status-publish","format-standard","has-post-thumbnail","hentry","category-politica"],"_links":{"self":[{"href":"https:\/\/www.radioluna.it\/news\/wp-json\/wp\/v2\/posts\/178807","targetHints":{"allow":["GET"]}}],"collection":[{"href":"https:\/\/www.radioluna.it\/news\/wp-json\/wp\/v2\/posts"}],"about":[{"href":"https:\/\/www.radioluna.it\/news\/wp-json\/wp\/v2\/types\/post"}],"author":[{"embeddable":true,"href":"https:\/\/www.radioluna.it\/news\/wp-json\/wp\/v2\/users\/62"}],"replies":[{"embeddable":true,"href":"https:\/\/www.radioluna.it\/news\/wp-json\/wp\/v2\/comments?post=178807"}],"version-history":[{"count":0,"href":"https:\/\/www.radioluna.it\/news\/wp-json\/wp\/v2\/posts\/178807\/revisions"}],"wp:featuredmedia":[{"embeddable":true,"href":"https:\/\/www.radioluna.it\/news\/wp-json\/wp\/v2\/media\/178808"}],"wp:attachment":[{"href":"https:\/\/www.radioluna.it\/news\/wp-json\/wp\/v2\/media?parent=178807"}],"wp:term":[{"taxonomy":"category","embeddable":true,"href":"https:\/\/www.radioluna.it\/news\/wp-json\/wp\/v2\/categories?post=178807"},{"taxonomy":"post_tag","embeddable":true,"href":"https:\/\/www.radioluna.it\/news\/wp-json\/wp\/v2\/tags?post=178807"}],"curies":[{"name":"wp","href":"https:\/\/api.w.org\/{rel}","templated":true}]}}