{"id":178848,"date":"2016-06-09T09:43:16","date_gmt":"2016-06-09T07:43:16","guid":{"rendered":"http:\/\/www.radioluna.it\/news\/?p=178848"},"modified":"2016-06-09T11:21:00","modified_gmt":"2016-06-09T09:21:00","slug":"manca-la-corrente-sul-lungomare-attivita-ferme-fino-alle-1630","status":"publish","type":"post","link":"https:\/\/www.radioluna.it\/news\/2016\/06\/manca-la-corrente-sul-lungomare-attivita-ferme-fino-alle-1630\/","title":{"rendered":"Manca la corrente sul Lungomare, attivit\u00e0 ferme fino alle 16,30"},"content":{"rendered":"<div id=\"fb-root\"><\/div>\n<p style=\"text-align: justify;\"><strong><a href=\"http:\/\/www.radioluna.it\/news\/wp-content\/uploads\/2014\/09\/LATINA-LIDO.jpg\"><img loading=\"lazy\" decoding=\"async\" class=\"aligncenter size-thumbnail wp-image-155688\" src=\"http:\/\/www.radioluna.it\/news\/wp-content\/uploads\/2014\/09\/LATINA-LIDO-635x846.jpg\" alt=\"LATINA LIDO\" width=\"635\" height=\"846\" srcset=\"https:\/\/www.radioluna.it\/news\/wp-content\/uploads\/2014\/09\/LATINA-LIDO-635x846.jpg 635w, https:\/\/www.radioluna.it\/news\/wp-content\/uploads\/2014\/09\/LATINA-LIDO-500x667.jpg 500w, https:\/\/www.radioluna.it\/news\/wp-content\/uploads\/2014\/09\/LATINA-LIDO-225x300.jpg 225w, https:\/\/www.radioluna.it\/news\/wp-content\/uploads\/2014\/09\/LATINA-LIDO.jpg 720w\" sizes=\"auto, (max-width: 635px) 100vw, 635px\" \/><\/a>LATINA<\/strong> &#8211; Il Lungomare di Latina \u00e8 senza corrente. La comunicazione \u00e8 arrivata due giorni fa alle attivit\u00e0 di ristorazione del Lido che oggi saranno costrette a restare ferme fino alle 16,30, ora in cui l&#8217;Enel riattiver\u00e0 il servizio.<\/p>\n<p style=\"text-align: justify;\">&#8220;E&#8217; la seconda volta in pochi giorni &#8211; si lamenta un operatore &#8211; La settimana scorsa ci avevano assicurato che in una giornata i lavori sarebbero terminati, oggi siamo di nuovo nella stessa situazione&#8221;. Lo stop alle 9,22 quando sono suonati gli allarmi delle attivit\u00e0 come accade in caso di distacco elettrico.<\/p>\n<p style=\"text-align: justify;\">I lavori si sono resi necessari per la sostituzione di una cabina elettrica: &#8220;Ci hanno spiegato che &#8220;potrebbe prendere fuoco&#8221;, hanno usato proprio queste parole, e che un guasto del genere non potrebbe essere riparato prima di due giorni. La cosa che non si capisce \u00e8 perch\u00e9 lavori di manutenzione straordinaria programmati debbano essere effettuati quando la stagione \u00e8 partita e non possano invece essere eseguiti \u00a0a maggio o a ottobre&#8221;, \u00a0sottolinea il titolare di uno stabilimento.<\/p>\n<p style=\"text-align: justify;\">Per non parlare poi \u00a0del fatto che nella comunicazione del gestore elettrico sono stati sbagliati i numeri civici (sono stati indicati quelli vecchi, invece che la nuova numerazione). Oltre al tratto centrale del lungomare compreso tra Capoportiere e Foceverde sono interessate via Isola rossa, \u00a0via Eolie, via Casalina Sud, \u00a0via Elba e via Gorgona. Un pasticcio.<\/p>\n<p style=\"text-align: justify;\">I commercianti del Lido si sentono abbandonati. Una per tutte il servizio di pulizia delle strade e dei marciapiedi: pagano bollette da capogiro alla Latina Ambiente, ma sono costretti a provvedere da soli. Del resto, se non si raccoglie nemmeno pi\u00f9 la spazzatura, figuriamoci spazzare strade e marciapiedi.<\/p>\n<div class=\"radio-posizionamento-telefono-in-articoli-dopo-il-contenuto-articolo radio-entity-placement\" id=\"radio-4169276830\"><div id=\"radio-3189119244\" style=\"width: 300px;height: 250px;\"><a href=\"https:\/\/www.icarspa.it\/auto\/usate\/latina\/\" aria-label=\"banner aprile icar new life &#8211; auto usate latina\"><img loading=\"lazy\" decoding=\"async\" src=\"https:\/\/www.radioluna.it\/news\/wp-content\/uploads\/2026\/02\/banner-aprile-icar-new-life-auto-usate-latina.gif\" alt=\"\"  width=\"300\" height=\"250\"   \/><\/a><\/div><\/div>","protected":false},"excerpt":{"rendered":"<p>LATINA &#8211; Il Lungomare di Latina \u00e8 senza corrente. La comunicazione \u00e8 arrivata due giorni fa alle attivit\u00e0 di ristorazione del Lido che oggi saranno costrette a restare ferme fino alle 16,30, ora in cui l&#8217;Enel riattiver\u00e0 il servizio. &#8220;E&#8217; la seconda volta in pochi giorni &#8211; si lamenta un operatore &#8211; La settimana scorsa [&hellip;]<\/p>\n","protected":false},"author":62,"featured_media":155688,"comment_status":"open","ping_status":"closed","sticky":false,"template":"","format":"standard","meta":{"footnotes":""},"categories":[7],"tags":[],"class_list":["post-178848","post","type-post","status-publish","format-standard","has-post-thumbnail","hentry","category-cronaca"],"_links":{"self":[{"href":"https:\/\/www.radioluna.it\/news\/wp-json\/wp\/v2\/posts\/178848","targetHints":{"allow":["GET"]}}],"collection":[{"href":"https:\/\/www.radioluna.it\/news\/wp-json\/wp\/v2\/posts"}],"about":[{"href":"https:\/\/www.radioluna.it\/news\/wp-json\/wp\/v2\/types\/post"}],"author":[{"embeddable":true,"href":"https:\/\/www.radioluna.it\/news\/wp-json\/wp\/v2\/users\/62"}],"replies":[{"embeddable":true,"href":"https:\/\/www.radioluna.it\/news\/wp-json\/wp\/v2\/comments?post=178848"}],"version-history":[{"count":0,"href":"https:\/\/www.radioluna.it\/news\/wp-json\/wp\/v2\/posts\/178848\/revisions"}],"wp:featuredmedia":[{"embeddable":true,"href":"https:\/\/www.radioluna.it\/news\/wp-json\/wp\/v2\/media\/155688"}],"wp:attachment":[{"href":"https:\/\/www.radioluna.it\/news\/wp-json\/wp\/v2\/media?parent=178848"}],"wp:term":[{"taxonomy":"category","embeddable":true,"href":"https:\/\/www.radioluna.it\/news\/wp-json\/wp\/v2\/categories?post=178848"},{"taxonomy":"post_tag","embeddable":true,"href":"https:\/\/www.radioluna.it\/news\/wp-json\/wp\/v2\/tags?post=178848"}],"curies":[{"name":"wp","href":"https:\/\/api.w.org\/{rel}","templated":true}]}}