{"id":178852,"date":"2016-06-09T11:34:04","date_gmt":"2016-06-09T09:34:04","guid":{"rendered":"http:\/\/www.radioluna.it\/news\/?p=178852"},"modified":"2016-06-09T11:34:04","modified_gmt":"2016-06-09T09:34:04","slug":"per-il-ballottaggio-casapound-chiarisce-liberta-di-coscienza","status":"publish","type":"post","link":"https:\/\/www.radioluna.it\/news\/2016\/06\/per-il-ballottaggio-casapound-chiarisce-liberta-di-coscienza\/","title":{"rendered":"Per il ballottaggio Casapound chiarisce: &#8220;Libert\u00e0 di coscienza&#8221;"},"content":{"rendered":"<div id=\"fb-root\"><\/div>\n<div id=\"attachment_178478\" style=\"width: 699px\" class=\"wp-caption aligncenter\"><a href=\"http:\/\/www.radioluna.it\/news\/wp-content\/uploads\/2016\/05\/Marco-Savastano.jpg\"><img loading=\"lazy\" decoding=\"async\" aria-describedby=\"caption-attachment-178478\" class=\"size-thumbnail wp-image-178478\" src=\"http:\/\/www.radioluna.it\/news\/wp-content\/uploads\/2016\/05\/Marco-Savastano-689x1038.jpg\" alt=\"Marco Savastano candidato sindaco di Casapound\" width=\"689\" height=\"1038\" srcset=\"https:\/\/www.radioluna.it\/news\/wp-content\/uploads\/2016\/05\/Marco-Savastano-689x1038.jpg 689w, https:\/\/www.radioluna.it\/news\/wp-content\/uploads\/2016\/05\/Marco-Savastano-199x300.jpg 199w, https:\/\/www.radioluna.it\/news\/wp-content\/uploads\/2016\/05\/Marco-Savastano-680x1024.jpg 680w, https:\/\/www.radioluna.it\/news\/wp-content\/uploads\/2016\/05\/Marco-Savastano-800x1205.jpg 800w, https:\/\/www.radioluna.it\/news\/wp-content\/uploads\/2016\/05\/Marco-Savastano-300x452.jpg 300w, https:\/\/www.radioluna.it\/news\/wp-content\/uploads\/2016\/05\/Marco-Savastano.jpg 850w\" sizes=\"auto, (max-width: 689px) 100vw, 689px\" \/><\/a><p id=\"caption-attachment-178478\" class=\"wp-caption-text\">Marco Savastano candidato sindaco di Casapound<\/p><\/div>\n<p style=\"text-align: justify;\"><strong>LATINA<\/strong> &#8211;\u00a0CasaPound Latina affida ad una breve nota il posizionamento sul ballottaggio.\u00a0\u300aCome anticipato ieri dalle pagine de Il Giornale di Latina e come ampiamente promesso in campagna elettorale, CasaPound non prender\u00e0 parte al ballottaggio e lascer\u00e0 totale libert\u00e0 di coscienza ai propri elettori. Non possiamo fare nostro n\u00e9 il programma, a nostro giudizio liberale, di Latina Bene Comune n\u00e9 quello dei soliti noti del centrodestra. Torniamo a occuparci della citt\u00e0 e delle sue emergenze, ben sapendo che a prescindere da chi vincer\u00e0 la tornata elettorale i cittadini avranno ancora bisogno di CasaPound. Noi il 19 giugno abbiamo da fare\u300b<\/p>\n<div class=\"radio-posizionamento-telefono-in-articoli-dopo-il-contenuto-articolo radio-entity-placement\" id=\"radio-2340951624\"><div id=\"radio-3869716686\"><a href=\"https:\/\/www.simeoneceramiche.com\/\" aria-label=\"SIMEONE CERAMICHE GIF animata per radioluna_Tavola disegno 1 copia 2 (online-video-cutter.com)\"><img loading=\"lazy\" decoding=\"async\" src=\"https:\/\/www.radioluna.it\/news\/wp-content\/uploads\/2025\/05\/SIMEONE-CERAMICHE-GIF-animata-per-radioluna_Tavola-disegno-1-copia-2-online-video-cutter.com_.gif\" alt=\"\"  width=\"300\" height=\"250\"   \/><\/a><\/div><\/div>","protected":false},"excerpt":{"rendered":"<p>LATINA &#8211;\u00a0CasaPound Latina affida ad una breve nota il posizionamento sul ballottaggio.\u00a0\u300aCome anticipato ieri dalle pagine de Il Giornale di Latina e come ampiamente promesso in campagna elettorale, CasaPound non prender\u00e0 parte al ballottaggio e lascer\u00e0 totale libert\u00e0 di coscienza ai propri elettori. Non possiamo fare nostro n\u00e9 il programma, a nostro giudizio liberale, di [&hellip;]<\/p>\n","protected":false},"author":60,"featured_media":178478,"comment_status":"open","ping_status":"closed","sticky":false,"template":"","format":"standard","meta":{"footnotes":""},"categories":[8],"tags":[],"class_list":["post-178852","post","type-post","status-publish","format-standard","has-post-thumbnail","hentry","category-politica"],"_links":{"self":[{"href":"https:\/\/www.radioluna.it\/news\/wp-json\/wp\/v2\/posts\/178852","targetHints":{"allow":["GET"]}}],"collection":[{"href":"https:\/\/www.radioluna.it\/news\/wp-json\/wp\/v2\/posts"}],"about":[{"href":"https:\/\/www.radioluna.it\/news\/wp-json\/wp\/v2\/types\/post"}],"author":[{"embeddable":true,"href":"https:\/\/www.radioluna.it\/news\/wp-json\/wp\/v2\/users\/60"}],"replies":[{"embeddable":true,"href":"https:\/\/www.radioluna.it\/news\/wp-json\/wp\/v2\/comments?post=178852"}],"version-history":[{"count":0,"href":"https:\/\/www.radioluna.it\/news\/wp-json\/wp\/v2\/posts\/178852\/revisions"}],"wp:featuredmedia":[{"embeddable":true,"href":"https:\/\/www.radioluna.it\/news\/wp-json\/wp\/v2\/media\/178478"}],"wp:attachment":[{"href":"https:\/\/www.radioluna.it\/news\/wp-json\/wp\/v2\/media?parent=178852"}],"wp:term":[{"taxonomy":"category","embeddable":true,"href":"https:\/\/www.radioluna.it\/news\/wp-json\/wp\/v2\/categories?post=178852"},{"taxonomy":"post_tag","embeddable":true,"href":"https:\/\/www.radioluna.it\/news\/wp-json\/wp\/v2\/tags?post=178852"}],"curies":[{"name":"wp","href":"https:\/\/api.w.org\/{rel}","templated":true}]}}