{"id":178862,"date":"2016-06-09T14:17:36","date_gmt":"2016-06-09T12:17:36","guid":{"rendered":"http:\/\/www.radioluna.it\/news\/?p=178862"},"modified":"2016-06-10T06:52:25","modified_gmt":"2016-06-10T04:52:25","slug":"fabiana-moriconi-presenta-innatural-storie-di-foto-quadrate","status":"publish","type":"post","link":"https:\/\/www.radioluna.it\/news\/2016\/06\/fabiana-moriconi-presenta-innatural-storie-di-foto-quadrate\/","title":{"rendered":"Fabiana Moriconi presenta InNatural, storie di foto quadrate"},"content":{"rendered":"<div id=\"fb-root\"><\/div>\n<p style=\"text-align: justify;\"><strong><a href=\"http:\/\/www.radioluna.it\/news\/wp-content\/uploads\/2016\/06\/fabiana-mostra.jpg\"><img loading=\"lazy\" decoding=\"async\" class=\"aligncenter size-full wp-image-178863\" src=\"http:\/\/www.radioluna.it\/news\/wp-content\/uploads\/2016\/06\/fabiana-mostra.jpg\" alt=\"fabiana mostra\" width=\"676\" height=\"960\" srcset=\"https:\/\/www.radioluna.it\/news\/wp-content\/uploads\/2016\/06\/fabiana-mostra.jpg 676w, https:\/\/www.radioluna.it\/news\/wp-content\/uploads\/2016\/06\/fabiana-mostra-211x300.jpg 211w, https:\/\/www.radioluna.it\/news\/wp-content\/uploads\/2016\/06\/fabiana-mostra-300x426.jpg 300w\" sizes=\"auto, (max-width: 676px) 100vw, 676px\" \/><\/a>LATINA<\/strong> &#8211;\u00a0Fabiana Moriconi presenta INnatural Storie di foto quadrate. &#8220;Si tratta &#8211; spiega l&#8217;artista \u00a0&#8211; di storie fotografiche da interpretare e leggere a proprio piacimento, giocando tra i contrasti del naturale e dell&#8217; innaturale&#8221;, Il vernissage \u00e8 in programma il 10 giugno presso l&#8217;enoteca l&#8217;InVino dove saranno esposte venti immagini a tema su supporto riciclato, eco sostenibile con formato quadrato vintage, che suggeriscono delle finestre in cui curiosare. &#8220;Lo spunto \u00e8 quello di portare la vista fino al particolare senza cadere nell&#8217;usuale o nel consueto e a non distrarsi, ma prestare attenzione alle cose attraverso il proprio io, come fermi su un balcone a guardare, a farsi delle domande che ci avvicinino ad una rappresentazione della realt\u00e0 il pi\u00f9 possibile fedele al nostro immaginario&#8221;, spiega ancora Fabiana Moriconi.<\/p>\n<p style=\"text-align: justify;\">Visto il luogo conviviale in cui si terr\u00e0 il vernissage, l&#8217;enoteca l&#8217;InVino a Cena di Ciro Palladino, ogni foto si legher\u00e0 al gusto di un vino, attraverso esperienze olfattive e associazioni sensoriali. Durante la mostra sar\u00e0 possibile anche acquistare le immagini. Il vernissage si terr\u00e0 il 10 giugno alle ore 18:30 presso l&#8217;Invino a Cena, via F.Filzi 23 con degustazione di vini.<\/p>\n<div class=\"radio-posizionamento-telefono-in-articoli-dopo-il-contenuto-articolo radio-entity-placement\" id=\"radio-221975346\"><div id=\"radio-792951102\"><a href=\"https:\/\/grupporedi.it\/\" aria-label=\"Redi-Qr\"><img loading=\"lazy\" decoding=\"async\" src=\"https:\/\/www.radioluna.it\/news\/wp-content\/uploads\/2026\/03\/Redi-Qr.jpg\" alt=\"\"  srcset=\"https:\/\/www.radioluna.it\/news\/wp-content\/uploads\/2026\/03\/Redi-Qr.jpg 800w, https:\/\/www.radioluna.it\/news\/wp-content\/uploads\/2026\/03\/Redi-Qr-768x639.jpg 768w\" sizes=\"(max-width: 800px) 100vw, 800px\" width=\"300\" height=\"250\"   \/><\/a><\/div><\/div>","protected":false},"excerpt":{"rendered":"<p>LATINA &#8211;\u00a0Fabiana Moriconi presenta INnatural Storie di foto quadrate. &#8220;Si tratta &#8211; spiega l&#8217;artista \u00a0&#8211; di storie fotografiche da interpretare e leggere a proprio piacimento, giocando tra i contrasti del naturale e dell&#8217; innaturale&#8221;, Il vernissage \u00e8 in programma il 10 giugno presso l&#8217;enoteca l&#8217;InVino dove saranno esposte venti immagini a tema su supporto riciclato, [&hellip;]<\/p>\n","protected":false},"author":60,"featured_media":178863,"comment_status":"open","ping_status":"closed","sticky":false,"template":"","format":"standard","meta":{"footnotes":""},"categories":[16],"tags":[],"class_list":["post-178862","post","type-post","status-publish","format-standard","has-post-thumbnail","hentry","category-appuntamenti"],"_links":{"self":[{"href":"https:\/\/www.radioluna.it\/news\/wp-json\/wp\/v2\/posts\/178862","targetHints":{"allow":["GET"]}}],"collection":[{"href":"https:\/\/www.radioluna.it\/news\/wp-json\/wp\/v2\/posts"}],"about":[{"href":"https:\/\/www.radioluna.it\/news\/wp-json\/wp\/v2\/types\/post"}],"author":[{"embeddable":true,"href":"https:\/\/www.radioluna.it\/news\/wp-json\/wp\/v2\/users\/60"}],"replies":[{"embeddable":true,"href":"https:\/\/www.radioluna.it\/news\/wp-json\/wp\/v2\/comments?post=178862"}],"version-history":[{"count":0,"href":"https:\/\/www.radioluna.it\/news\/wp-json\/wp\/v2\/posts\/178862\/revisions"}],"wp:featuredmedia":[{"embeddable":true,"href":"https:\/\/www.radioluna.it\/news\/wp-json\/wp\/v2\/media\/178863"}],"wp:attachment":[{"href":"https:\/\/www.radioluna.it\/news\/wp-json\/wp\/v2\/media?parent=178862"}],"wp:term":[{"taxonomy":"category","embeddable":true,"href":"https:\/\/www.radioluna.it\/news\/wp-json\/wp\/v2\/categories?post=178862"},{"taxonomy":"post_tag","embeddable":true,"href":"https:\/\/www.radioluna.it\/news\/wp-json\/wp\/v2\/tags?post=178862"}],"curies":[{"name":"wp","href":"https:\/\/api.w.org\/{rel}","templated":true}]}}