{"id":178879,"date":"2016-06-10T08:37:53","date_gmt":"2016-06-10T06:37:53","guid":{"rendered":"http:\/\/www.radioluna.it\/news\/?p=178879"},"modified":"2016-06-10T16:39:05","modified_gmt":"2016-06-10T14:39:05","slug":"latina-bene-comune-in-assemblea-generale","status":"publish","type":"post","link":"https:\/\/www.radioluna.it\/news\/2016\/06\/latina-bene-comune-in-assemblea-generale\/","title":{"rendered":"Ballottaggio: &#8220;Nessun accordo con i partiti, liberi fino in fondo, nel rispetto della libert\u00e0 dei cittadini&#8221;"},"content":{"rendered":"<div id=\"fb-root\"><\/div>\n<p style=\"text-align: justify;\"><strong>[flagallery gid=555]<\/strong><\/p>\n<p style=\"text-align: justify;\"><strong>LATINA<\/strong> &#8211; La marcia verso il ballottaggio prosegue e gioved\u00ec pomeriggio si \u00e8 tenuto l&#8217;appuntamento con l&#8217;assemblea di Latina Bene Comune. \u201cNiente apparentamenti n\u00e9 accordi alla luce o sotterranei Latina bene Comune \u00e8 libera e lo rimarr\u00e0&#8221;, \u00a0ha detto il candidato sindaco Damiano Coletta, sottolineando poi davanti agli iscritti riunita nell&#8217;Aula magna del Liceo Scientifico Grassi di Latina che i cittadini non hanno bisogno delle indicazioni dai partiti per scegliere da chi farsi amministrare.<\/p>\n<p style=\"text-align: justify;\">&#8220;Proseguiremo dritti per la nostra strada, coerenti con il percorso fatto fino ad oggi &#8211; ha affermato Coletta al microfono di Radio Luna &#8211; Vogliamo tirarci fuori dalle pastoie delle contrattazioni, arrivare liberi fino in fondo a governare la citt\u00e0 nel rispetto della libert\u00e0 dei cittadini&#8221;.<\/p>\n<p style=\"text-align: justify;\">L&#8217;assemblea ha ratificato le decisioni dei direttivo e dunque il cammino del movimento civico che ha stupito tutti conquistando un posto al ballottaggio, andr\u00e0 avanti parlando agli elettori verso l&#8217;appuntamento con le urne del 19 giugno.<\/p>\n<p>ASCOLTA COLETTA<\/p>\n<audio class=\"wp-audio-shortcode\" id=\"audio-178879-1\" preload=\"none\" style=\"width: 100%;\" controls=\"controls\"><source type=\"audio\/mpeg\" src=\"http:\/\/www.radioluna.it\/news\/wp-content\/uploads\/2016\/06\/coletta-per-sito.mp3?_=1\" \/><a href=\"http:\/\/www.radioluna.it\/news\/wp-content\/uploads\/2016\/06\/coletta-per-sito.mp3\">http:\/\/www.radioluna.it\/news\/wp-content\/uploads\/2016\/06\/coletta-per-sito.mp3<\/a><\/audio>\n<p>&nbsp;<\/p>\n<div class=\"radio-posizionamento-telefono-in-articoli-dopo-il-contenuto-articolo radio-entity-placement\" id=\"radio-4153855952\"><div id=\"radio-2711928558\" style=\"width: 300px;height: 250px;\"><a href=\"https:\/\/www.icarspa.it\/auto\/usate\/latina\/\" aria-label=\"banner aprile icar new life &#8211; auto usate latina\"><img loading=\"lazy\" decoding=\"async\" src=\"https:\/\/www.radioluna.it\/news\/wp-content\/uploads\/2026\/02\/banner-aprile-icar-new-life-auto-usate-latina.gif\" alt=\"\"  width=\"300\" height=\"250\"   \/><\/a><\/div><\/div>","protected":false},"excerpt":{"rendered":"<p>[flagallery gid=555] LATINA &#8211; La marcia verso il ballottaggio prosegue e gioved\u00ec pomeriggio si \u00e8 tenuto l&#8217;appuntamento con l&#8217;assemblea di Latina Bene Comune. \u201cNiente apparentamenti n\u00e9 accordi alla luce o sotterranei Latina bene Comune \u00e8 libera e lo rimarr\u00e0&#8221;, \u00a0ha detto il candidato sindaco Damiano Coletta, sottolineando poi davanti agli iscritti riunita nell&#8217;Aula magna del [&hellip;]<\/p>\n","protected":false},"author":60,"featured_media":178900,"comment_status":"open","ping_status":"closed","sticky":false,"template":"","format":"standard","meta":{"footnotes":""},"categories":[2310,2311,8],"tags":[],"class_list":["post-178879","post","type-post","status-publish","format-standard","has-post-thumbnail","hentry","category-audio","category-foto","category-politica"],"_links":{"self":[{"href":"https:\/\/www.radioluna.it\/news\/wp-json\/wp\/v2\/posts\/178879","targetHints":{"allow":["GET"]}}],"collection":[{"href":"https:\/\/www.radioluna.it\/news\/wp-json\/wp\/v2\/posts"}],"about":[{"href":"https:\/\/www.radioluna.it\/news\/wp-json\/wp\/v2\/types\/post"}],"author":[{"embeddable":true,"href":"https:\/\/www.radioluna.it\/news\/wp-json\/wp\/v2\/users\/60"}],"replies":[{"embeddable":true,"href":"https:\/\/www.radioluna.it\/news\/wp-json\/wp\/v2\/comments?post=178879"}],"version-history":[{"count":0,"href":"https:\/\/www.radioluna.it\/news\/wp-json\/wp\/v2\/posts\/178879\/revisions"}],"wp:featuredmedia":[{"embeddable":true,"href":"https:\/\/www.radioluna.it\/news\/wp-json\/wp\/v2\/media\/178900"}],"wp:attachment":[{"href":"https:\/\/www.radioluna.it\/news\/wp-json\/wp\/v2\/media?parent=178879"}],"wp:term":[{"taxonomy":"category","embeddable":true,"href":"https:\/\/www.radioluna.it\/news\/wp-json\/wp\/v2\/categories?post=178879"},{"taxonomy":"post_tag","embeddable":true,"href":"https:\/\/www.radioluna.it\/news\/wp-json\/wp\/v2\/tags?post=178879"}],"curies":[{"name":"wp","href":"https:\/\/api.w.org\/{rel}","templated":true}]}}