{"id":178901,"date":"2016-06-10T09:54:38","date_gmt":"2016-06-10T07:54:38","guid":{"rendered":"http:\/\/www.radioluna.it\/news\/?p=178901"},"modified":"2016-06-10T10:10:59","modified_gmt":"2016-06-10T08:10:59","slug":"danni-al-lido-dopo-i-lavori-alla-rete-elettrica-laffettatrice-gira-al-contrario","status":"publish","type":"post","link":"https:\/\/www.radioluna.it\/news\/2016\/06\/danni-al-lido-dopo-i-lavori-alla-rete-elettrica-laffettatrice-gira-al-contrario\/","title":{"rendered":"Danni al Lido dopo i lavori alla rete elettrica, l&#8217;affettatrice gira al contrario"},"content":{"rendered":"<div id=\"fb-root\"><\/div>\n<p style=\"text-align: justify;\"><strong><a href=\"http:\/\/www.radioluna.it\/news\/wp-content\/uploads\/2010\/08\/ombrelloni-spiaggia.jpg\"><img loading=\"lazy\" decoding=\"async\" class=\"alignleft wp-image-9999 size-full\" src=\"http:\/\/www.radioluna.it\/news\/wp-content\/uploads\/2010\/08\/ombrelloni-spiaggia.jpg\" alt=\"ombrelloni-spiaggia\" width=\"326\" height=\"400\" srcset=\"https:\/\/www.radioluna.it\/news\/wp-content\/uploads\/2010\/08\/ombrelloni-spiaggia.jpg 326w, https:\/\/www.radioluna.it\/news\/wp-content\/uploads\/2010\/08\/ombrelloni-spiaggia-245x300.jpg 245w, https:\/\/www.radioluna.it\/news\/wp-content\/uploads\/2010\/08\/ombrelloni-spiaggia-244x300.jpg 244w\" sizes=\"auto, (max-width: 326px) 100vw, 326px\" \/><\/a>LATINA<\/strong> &#8211;\u00a0Luci fioche che lampeggiavano, macchinari che giravano al contrario, puzza di bruciato. Di male in peggio al Lido di Latina nella giornata di ieri quando l&#8217;Enel ha svolto lavori straordinari in una cabina elettrica, a quanto pare invertendo le fasi. Dopo ore senza elettricit\u00e0 il gestore della rete, cos\u00ec come programmato, ha riattivato la corrente alle 16,30, ma da l\u00ec a poco si \u00e8 verificato l&#8217;imprevedibile.<br \/>\nQuando nelle attivit\u00e0 di ristorazione e nelle abitazioni che si trovano sulla linea interessata ai lavori sono stati riavviati macchinari ed elettrodomestici si \u00e8 capito che qualcosa non funzionava: \u201cLa nostra affettatrice girava al contrario \u2013 ci racconta un ristoratore della zona &#8211; \u00e8 saltata la scheda della lavastoviglie industriale e abbiamo avvertito un forte odore di bruciato. Siccome nessuno rispondeva al numero verde dell&#8217;Enel ho chiamato il 113 e i tecnici del servizio sono tornati\u201d.<\/p>\n<p style=\"text-align: justify;\">Nuovo distacco di corrente fino alle 21,30 e poi di nuovo di notte. Oggi la squadra dei tecnici \u00e8 tornata sul posto, mentre in case e attivit\u00e0 della Marina \u00e8 ora di fare la conta dei danni.<\/p>\n<div class=\"radio-posizionamento-telefono-in-articoli-dopo-il-contenuto-articolo radio-entity-placement\" id=\"radio-3091644454\"><div id=\"radio-1388503901\" style=\"width: 300px;height: 250px;\"><a href=\"https:\/\/www.icarspa.it\/auto\/usate\/latina\/\" aria-label=\"banner aprile icar new life &#8211; auto usate latina\"><img loading=\"lazy\" decoding=\"async\" src=\"https:\/\/www.radioluna.it\/news\/wp-content\/uploads\/2026\/02\/banner-aprile-icar-new-life-auto-usate-latina.gif\" alt=\"\"  width=\"300\" height=\"250\"   \/><\/a><\/div><\/div>","protected":false},"excerpt":{"rendered":"<p>LATINA &#8211;\u00a0Luci fioche che lampeggiavano, macchinari che giravano al contrario, puzza di bruciato. Di male in peggio al Lido di Latina nella giornata di ieri quando l&#8217;Enel ha svolto lavori straordinari in una cabina elettrica, a quanto pare invertendo le fasi. Dopo ore senza elettricit\u00e0 il gestore della rete, cos\u00ec come programmato, ha riattivato la [&hellip;]<\/p>\n","protected":false},"author":62,"featured_media":9999,"comment_status":"open","ping_status":"closed","sticky":false,"template":"","format":"standard","meta":{"footnotes":""},"categories":[7],"tags":[],"class_list":["post-178901","post","type-post","status-publish","format-standard","has-post-thumbnail","hentry","category-cronaca"],"_links":{"self":[{"href":"https:\/\/www.radioluna.it\/news\/wp-json\/wp\/v2\/posts\/178901","targetHints":{"allow":["GET"]}}],"collection":[{"href":"https:\/\/www.radioluna.it\/news\/wp-json\/wp\/v2\/posts"}],"about":[{"href":"https:\/\/www.radioluna.it\/news\/wp-json\/wp\/v2\/types\/post"}],"author":[{"embeddable":true,"href":"https:\/\/www.radioluna.it\/news\/wp-json\/wp\/v2\/users\/62"}],"replies":[{"embeddable":true,"href":"https:\/\/www.radioluna.it\/news\/wp-json\/wp\/v2\/comments?post=178901"}],"version-history":[{"count":0,"href":"https:\/\/www.radioluna.it\/news\/wp-json\/wp\/v2\/posts\/178901\/revisions"}],"wp:featuredmedia":[{"embeddable":true,"href":"https:\/\/www.radioluna.it\/news\/wp-json\/wp\/v2\/media\/9999"}],"wp:attachment":[{"href":"https:\/\/www.radioluna.it\/news\/wp-json\/wp\/v2\/media?parent=178901"}],"wp:term":[{"taxonomy":"category","embeddable":true,"href":"https:\/\/www.radioluna.it\/news\/wp-json\/wp\/v2\/categories?post=178901"},{"taxonomy":"post_tag","embeddable":true,"href":"https:\/\/www.radioluna.it\/news\/wp-json\/wp\/v2\/tags?post=178901"}],"curies":[{"name":"wp","href":"https:\/\/api.w.org\/{rel}","templated":true}]}}