{"id":179061,"date":"2016-06-14T09:03:51","date_gmt":"2016-06-14T07:03:51","guid":{"rendered":"http:\/\/www.radioluna.it\/news\/?p=179061"},"modified":"2016-06-14T10:09:08","modified_gmt":"2016-06-14T08:09:08","slug":"albe-pontine-londa-a-rio-martino","status":"publish","type":"post","link":"https:\/\/www.radioluna.it\/news\/2016\/06\/albe-pontine-londa-a-rio-martino\/","title":{"rendered":"Albe pontine, l&#8217;onda a Rio Martino"},"content":{"rendered":"<div id=\"fb-root\"><\/div>\n<div id=\"attachment_179062\" style=\"width: 970px\" class=\"wp-caption aligncenter\"><a href=\"http:\/\/www.radioluna.it\/news\/wp-content\/uploads\/2016\/06\/ONDA.jpg\"><img loading=\"lazy\" decoding=\"async\" aria-describedby=\"caption-attachment-179062\" class=\"wp-image-179062 size-full\" src=\"http:\/\/www.radioluna.it\/news\/wp-content\/uploads\/2016\/06\/ONDA.jpg\" alt=\"ONDA\" width=\"960\" height=\"640\" srcset=\"https:\/\/www.radioluna.it\/news\/wp-content\/uploads\/2016\/06\/ONDA.jpg 960w, https:\/\/www.radioluna.it\/news\/wp-content\/uploads\/2016\/06\/ONDA-689x459.jpg 689w, https:\/\/www.radioluna.it\/news\/wp-content\/uploads\/2016\/06\/ONDA-300x200.jpg 300w, https:\/\/www.radioluna.it\/news\/wp-content\/uploads\/2016\/06\/ONDA-800x533.jpg 800w\" sizes=\"auto, (max-width: 960px) 100vw, 960px\" \/><\/a><p id=\"caption-attachment-179062\" class=\"wp-caption-text\">Rio Martino<\/p><\/div>\n<p style=\"text-align: justify;\"><strong>LATINA<\/strong> &#8211; L&#8217;idea \u00e8 quella di regalarsi un po&#8217; di bello. Di quello che magari vorremmo vedere con i nostri occhi, ma che \u00e8 pi\u00f9 semplice guardare attraverso una foto. Abbiamo chiesto per questo a Marco Teodonio, appassionato utilizzatore di reflex e frequentatore di albe e tramonti pontini, di condividere con noi gli scatti mattutini e quelli serali, per proporveli su questo sito come buongiorno o buonasera. Qui, un&#8217;onda a Rio Martino, mentre il sole sorge.<\/p>\n<div class=\"radio-posizionamento-telefono-in-articoli-dopo-il-contenuto-articolo radio-entity-placement\" id=\"radio-1369586184\"><div id=\"radio-372573362\" style=\"width: 300px;height: 250px;\"><a href=\"https:\/\/www.icarspa.it\/auto\/usate\/latina\/\" aria-label=\"banner aprile icar new life &#8211; auto usate latina\"><img loading=\"lazy\" decoding=\"async\" src=\"https:\/\/www.radioluna.it\/news\/wp-content\/uploads\/2026\/02\/banner-aprile-icar-new-life-auto-usate-latina.gif\" alt=\"\"  width=\"300\" height=\"250\"   \/><\/a><\/div><\/div>","protected":false},"excerpt":{"rendered":"<p>LATINA &#8211; L&#8217;idea \u00e8 quella di regalarsi un po&#8217; di bello. Di quello che magari vorremmo vedere con i nostri occhi, ma che \u00e8 pi\u00f9 semplice guardare attraverso una foto. Abbiamo chiesto per questo a Marco Teodonio, appassionato utilizzatore di reflex e frequentatore di albe e tramonti pontini, di condividere con noi gli scatti mattutini [&hellip;]<\/p>\n","protected":false},"author":62,"featured_media":179062,"comment_status":"open","ping_status":"closed","sticky":false,"template":"","format":"standard","meta":{"footnotes":""},"categories":[735],"tags":[],"class_list":["post-179061","post","type-post","status-publish","format-standard","has-post-thumbnail","hentry","category-attualita"],"_links":{"self":[{"href":"https:\/\/www.radioluna.it\/news\/wp-json\/wp\/v2\/posts\/179061","targetHints":{"allow":["GET"]}}],"collection":[{"href":"https:\/\/www.radioluna.it\/news\/wp-json\/wp\/v2\/posts"}],"about":[{"href":"https:\/\/www.radioluna.it\/news\/wp-json\/wp\/v2\/types\/post"}],"author":[{"embeddable":true,"href":"https:\/\/www.radioluna.it\/news\/wp-json\/wp\/v2\/users\/62"}],"replies":[{"embeddable":true,"href":"https:\/\/www.radioluna.it\/news\/wp-json\/wp\/v2\/comments?post=179061"}],"version-history":[{"count":0,"href":"https:\/\/www.radioluna.it\/news\/wp-json\/wp\/v2\/posts\/179061\/revisions"}],"wp:featuredmedia":[{"embeddable":true,"href":"https:\/\/www.radioluna.it\/news\/wp-json\/wp\/v2\/media\/179062"}],"wp:attachment":[{"href":"https:\/\/www.radioluna.it\/news\/wp-json\/wp\/v2\/media?parent=179061"}],"wp:term":[{"taxonomy":"category","embeddable":true,"href":"https:\/\/www.radioluna.it\/news\/wp-json\/wp\/v2\/categories?post=179061"},{"taxonomy":"post_tag","embeddable":true,"href":"https:\/\/www.radioluna.it\/news\/wp-json\/wp\/v2\/tags?post=179061"}],"curies":[{"name":"wp","href":"https:\/\/api.w.org\/{rel}","templated":true}]}}