{"id":179116,"date":"2016-06-16T08:13:07","date_gmt":"2016-06-16T06:13:07","guid":{"rendered":"http:\/\/www.radioluna.it\/news\/?p=179116"},"modified":"2016-06-16T11:14:42","modified_gmt":"2016-06-16T09:14:42","slug":"terribile-caduta-sulla-rampa-del-multipiano-di-sperlonga-gravissima-una-dipendente-delle-poste","status":"publish","type":"post","link":"https:\/\/www.radioluna.it\/news\/2016\/06\/terribile-caduta-sulla-rampa-del-multipiano-di-sperlonga-gravissima-una-dipendente-delle-poste\/","title":{"rendered":"Spinta sulla rampa del Multipiano di Sperlonga, \u00e8 tentato omicidio. Arrestata Arianna Magistri"},"content":{"rendered":"<div id=\"fb-root\"><\/div>\n<p style=\"text-align: justify;\"><a href=\"http:\/\/www.radioluna.it\/news\/wp-content\/uploads\/2016\/06\/cc2.jpg\"><img loading=\"lazy\" decoding=\"async\" class=\"aligncenter size-thumbnail wp-image-179137\" src=\"http:\/\/www.radioluna.it\/news\/wp-content\/uploads\/2016\/06\/cc2-689x919.jpg\" alt=\"cc2\" width=\"689\" height=\"919\" \/><\/a><\/p>\n<p style=\"text-align: justify;\"><strong>SPERLONGA<\/strong> &#8211;\u00a0Vecchie ruggini sul lavoro tra le due colleghe delle Poste che hanno litigato marted\u00ec nel parcheggio multipiano di Sperlonga. Tragico l&#8217;epilogo: Anna Lucia Coviello 62 anni di Terracina \u00e8 in coma all&#8217;ospedale \u00a0Goretti di Latina dove \u00e8 stata sottoposta ad un intervento chirurgico, le sue condizioni sono molto critiche. L&#8217;altra, la pi\u00f9 giovane, Arianna Magistri una donna di 45 anni di Formia \u00e8 stata arrestata dai carabinieri con l&#8217;accusa di tentato omicidio. Al culmine di una lite avrebbe picchiato e poi gettato dalla rampa delle scale di accesso al parcheggio la collega che aveva finito per detestare e con la quale ormai le discussioni erano all&#8217;ordine del giorno.<\/p>\n<p style=\"text-align: justify;\">I carabinieri intervenuti sul posto dopo l&#8217;allarme dato da alcuni testimoni l&#8217;hanno trovata mentre reggeva la testa alla collega, e si difendeva, farfugliando frasi a sua difesa. nel giro di qualche ora, \u00a0dopo la ricostruzione dei fatti, \u00e8 scattato l&#8217;arresto. Non si conosce il motivo della lite, n\u00e9 la sequenza esatta di quanto accaduto. I militari visioneranno le immagini delle telecamere del parcheggio e a Rebibbia si svolger\u00e0 poi l&#8217;interrogatorio di garanzia della Magistri per la convalida del fermo. Solo la donna arrestata, se decider\u00e0 di rispondere alle domande del magistrato, potr\u00e0 aiutare gli investigatori nella ricostruzione del fatto.<\/p>\n<p style=\"text-align: justify;\">Anna Lucia Coviello intanto lotta per vivere nella Rianimazione del Goretti. I medici, dopo l&#8217;intervento dell&#8217;equipe di neurochirurgia,\u00a0si sono riservati la prognosi<span style=\"line-height: 1.5;\">.<\/span><\/p>\n<div class=\"radio-posizionamento-telefono-in-articoli-dopo-il-contenuto-articolo radio-entity-placement\" id=\"radio-1072887142\"><div id=\"radio-999999385\"><a href=\"https:\/\/www.simeoneceramiche.com\/\" aria-label=\"SIMEONE CERAMICHE GIF animata per radioluna_Tavola disegno 1 copia 2 (online-video-cutter.com)\"><img loading=\"lazy\" decoding=\"async\" src=\"https:\/\/www.radioluna.it\/news\/wp-content\/uploads\/2025\/05\/SIMEONE-CERAMICHE-GIF-animata-per-radioluna_Tavola-disegno-1-copia-2-online-video-cutter.com_.gif\" alt=\"\"  width=\"300\" height=\"250\"   \/><\/a><\/div><\/div>","protected":false},"excerpt":{"rendered":"<p>SPERLONGA &#8211;\u00a0Vecchie ruggini sul lavoro tra le due colleghe delle Poste che hanno litigato marted\u00ec nel parcheggio multipiano di Sperlonga. Tragico l&#8217;epilogo: Anna Lucia Coviello 62 anni di Terracina \u00e8 in coma all&#8217;ospedale \u00a0Goretti di Latina dove \u00e8 stata sottoposta ad un intervento chirurgico, le sue condizioni sono molto critiche. L&#8217;altra, la pi\u00f9 giovane, Arianna [&hellip;]<\/p>\n","protected":false},"author":62,"featured_media":0,"comment_status":"open","ping_status":"closed","sticky":false,"template":"","format":"standard","meta":{"footnotes":""},"categories":[7],"tags":[],"class_list":["post-179116","post","type-post","status-publish","format-standard","hentry","category-cronaca"],"_links":{"self":[{"href":"https:\/\/www.radioluna.it\/news\/wp-json\/wp\/v2\/posts\/179116","targetHints":{"allow":["GET"]}}],"collection":[{"href":"https:\/\/www.radioluna.it\/news\/wp-json\/wp\/v2\/posts"}],"about":[{"href":"https:\/\/www.radioluna.it\/news\/wp-json\/wp\/v2\/types\/post"}],"author":[{"embeddable":true,"href":"https:\/\/www.radioluna.it\/news\/wp-json\/wp\/v2\/users\/62"}],"replies":[{"embeddable":true,"href":"https:\/\/www.radioluna.it\/news\/wp-json\/wp\/v2\/comments?post=179116"}],"version-history":[{"count":0,"href":"https:\/\/www.radioluna.it\/news\/wp-json\/wp\/v2\/posts\/179116\/revisions"}],"wp:attachment":[{"href":"https:\/\/www.radioluna.it\/news\/wp-json\/wp\/v2\/media?parent=179116"}],"wp:term":[{"taxonomy":"category","embeddable":true,"href":"https:\/\/www.radioluna.it\/news\/wp-json\/wp\/v2\/categories?post=179116"},{"taxonomy":"post_tag","embeddable":true,"href":"https:\/\/www.radioluna.it\/news\/wp-json\/wp\/v2\/tags?post=179116"}],"curies":[{"name":"wp","href":"https:\/\/api.w.org\/{rel}","templated":true}]}}