{"id":179280,"date":"2016-06-19T22:10:10","date_gmt":"2016-06-19T20:10:10","guid":{"rendered":"http:\/\/www.radioluna.it\/news\/?p=179280"},"modified":"2016-06-21T14:14:57","modified_gmt":"2016-06-21T12:14:57","slug":"damiano-coletta-contro-nicola-calandrini-chi-vince-sara-il-sedicesimo-sindaco-di-latina","status":"publish","type":"post","link":"https:\/\/www.radioluna.it\/news\/2016\/06\/damiano-coletta-contro-nicola-calandrini-chi-vince-sara-il-sedicesimo-sindaco-di-latina\/","title":{"rendered":"Damiano Coletta \u00e8 il nuovo Sindaco di Latina: stravince con il 75.05% delle preferenze"},"content":{"rendered":"<div id=\"fb-root\"><\/div>\n<p style=\"text-align: justify;\">[flagallery gid=562]<\/p>\n<p style=\"text-align: justify;\"><strong>LATINA<\/strong> &#8211; &#8220;Vi consegno una citt\u00e0 che ha voglia di sognare&#8221;. Centra perfettamente il tema il commissario straordinario del Comune di Latina Giacomo Barbato mentre di notte consegna simbolicamente le chiavi della stanza che ha occupato per un anno al primo piano di Piazza del Popolo, al neo sindaco di Latina, Damiano Coletta. Il cardiologo. L&#8217;outsider. Il Capitano.<\/p>\n<p style=\"text-align: justify;\">Lo spoglio per il ballottaggio del 19 giugno non \u00e8 ancora completo, mancano ancora la met\u00e0 dei seggi, ma \u00e8 un plebiscito chiaro sin dalle prime sezioni e dopo i dati di Latina Scalo, feudo di Calandrini, la sconfitta \u00a0del candidato del centrodestra \u00e8 certa e lui stesso la \u00a0ammette. &#8220;Onore a Coletta. Faremo un&#8217;opposizione rigorosa&#8221;. I risultati definitivi arrivano quando il cardiologo \u00e8 gi\u00e0 di nuovo in strada e poi nella sede di Lbc per festeggiare con la gente che ha creduto in lui e nel suo progetto.<\/p>\n<p style=\"text-align: justify;\">Latina \u00e8 in festa come non si vedeva da anni, la gente corre nelle strade, si abbraccia, ride, si sente protagonista di una vittoria che Coletta ripete: &#8220;E&#8217; la vittoria di una citt\u00e0 intera, di tutti&#8221;. Sui telefoni e sui social \u00e8 un tam tam: video, foto, dichiarazioni e \u00a0pochissime facce tristi. \u00a0Sotto la Torre Comunale amici, collaboratori, simpatizzanti, \u00a0sollevano il sindaco al grido di &#8220;Latina Libera! Latina Libera!&#8221; e poi tifo da stadio: &#8220;Damiano! Damiano!. Oggi \u00e8 lui Claudio Ranieri. Mai paragone fu pi\u00f9 azzeccato: Lbc \u00e8 il nostro Leicester.<\/p>\n<p style=\"text-align: justify;\"><strong>LE PRIME PAROLE NELLA STANZA DEL SINDACO<\/strong>: &#8220;Spalanchiamo queste porte al sorriso e alla libert\u00e0&#8221;<\/p>\n<audio class=\"wp-audio-shortcode\" id=\"audio-179280-1\" preload=\"none\" style=\"width: 100%;\" controls=\"controls\"><source type=\"audio\/mpeg\" src=\"http:\/\/www.radioluna.it\/news\/wp-content\/uploads\/2016\/06\/intervista-in-comune.mp3?_=1\" \/><a href=\"http:\/\/www.radioluna.it\/news\/wp-content\/uploads\/2016\/06\/intervista-in-comune.mp3\">http:\/\/www.radioluna.it\/news\/wp-content\/uploads\/2016\/06\/intervista-in-comune.mp3<\/a><\/audio>\n<p style=\"text-align: justify;\">Le parole di <strong>Damiano Coletta<\/strong> dopo la vittoria. <strong>ASCOLTA<\/strong><\/p>\n<audio class=\"wp-audio-shortcode\" id=\"audio-179280-2\" preload=\"none\" style=\"width: 100%;\" controls=\"controls\"><source type=\"audio\/mpeg\" src=\"http:\/\/www.radioluna.it\/news\/wp-content\/uploads\/2016\/06\/ColettaVittoria.m4a?_=2\" \/><a href=\"http:\/\/www.radioluna.it\/news\/wp-content\/uploads\/2016\/06\/ColettaVittoria.m4a\">http:\/\/www.radioluna.it\/news\/wp-content\/uploads\/2016\/06\/ColettaVittoria.m4a<\/a><\/audio>\n<p><iframe loading=\"lazy\" title=\"Luna Notizie - Coletta in Comune dopo la vittoria\" width=\"740\" height=\"416\" src=\"https:\/\/www.youtube.com\/embed\/-dCnyi_iXH8?feature=oembed\" frameborder=\"0\" allow=\"accelerometer; autoplay; clipboard-write; encrypted-media; gyroscope; picture-in-picture; web-share\" referrerpolicy=\"strict-origin-when-cross-origin\" allowfullscreen><\/iframe><\/p>\n<p>&nbsp;<\/p>\n<p>ORE \u00a011,30 &#8211; Damiano Coletta \u00e8 il sedicesimo sindaco di Latina. Batte l&#8217;avversario con un risultato plebiscitario. Calandrini ammette la sconfitta: &#8220;Faremo un&#8217;opposizione rigorosa, merito a Coletta&#8221;<\/p>\n<p style=\"text-align: justify;\">ASCOLTA<\/p>\n<audio class=\"wp-audio-shortcode\" id=\"audio-179280-3\" preload=\"none\" style=\"width: 100%;\" controls=\"controls\"><source type=\"audio\/mpeg\" src=\"http:\/\/www.radioluna.it\/news\/wp-content\/uploads\/2016\/06\/CalamdriniAmmette-ssconfitta.mp3?_=3\" \/><a href=\"http:\/\/www.radioluna.it\/news\/wp-content\/uploads\/2016\/06\/CalamdriniAmmette-ssconfitta.mp3\">http:\/\/www.radioluna.it\/news\/wp-content\/uploads\/2016\/06\/CalamdriniAmmette-ssconfitta.mp3<\/a><\/audio>\n<p><iframe loading=\"lazy\" title=\"luna notizie - Ballottaggio sede di LBC\" width=\"740\" height=\"555\" src=\"https:\/\/www.youtube.com\/embed\/4oc6HiyF4iE?feature=oembed\" frameborder=\"0\" allow=\"accelerometer; autoplay; clipboard-write; encrypted-media; gyroscope; picture-in-picture; web-share\" referrerpolicy=\"strict-origin-when-cross-origin\" allowfullscreen><\/iframe><\/p>\n<p style=\"text-align: justify;\"><strong><a href=\"http:\/\/www.radioluna.it\/news\/2016\/06\/ballottaggio-coletta-vs-calandrini-risultati-in-tempo-reale\/\" target=\"_blank\">CLICCA PER LO SPOGLIO DELLE SEZIONI IN TEMPO REALE<\/a><\/strong><\/p>\n<p style=\"text-align: justify;\">[flagallery gid=561]<\/p>\n<p style=\"text-align: justify;\"><strong>AGGIORNAMENTO<\/strong> &#8211; Entusiasmo nella sede di LBc dopo i primi risultati che vedono Coletta in netto vantaggio sull&#8217;avversario Calandrini<\/p>\n<p style=\"text-align: justify;\">Nella \u00a0sezione di Via Botticelli prevale Coletta su un seggio per 79 a 58Sezione 115 Via Legnano, 422 Coletta &#8211; 108 Calandrini<br \/>\nNella sezione 3 del Liceo Artistico Coletta \u00e8 a 203 su Calandrini a 52<br \/>\nNella sezione non cambia la proporzione: 420 per coletta 115 per Calandrini<\/p>\n<p style=\"text-align: justify;\">Coletta Vince anche a Latina Scalo, nella szione 77 considerata il feudo di Calandrini<\/p>\n<p style=\"text-align: justify;\">Nella sezione 31 in Via Sezze 430 Coletta, 93 Calandrini, 9 le schede nulle<\/p>\n<p style=\"text-align: justify;\">Il definitivo della sezione 14 del Polo Artistico \u00a0riporta 441 per Coletta, 138 per Calandrini<\/p>\n<p style=\"text-align: justify;\">Nella sezione 15 \u00a0301\/75<\/p>\n<p style=\"text-align: justify;\"><strong>AGGIORNAMENTO<\/strong> \u00a0&#8211; Alle 23,15 tutte le 116 sezioni del comune di Latina sono state chiuse ed \u00e8 stato avviato lo scrutinio. I risultati delle primissime sezioni in tempo reale: nelle prime otto \u00a0sezioni i voti di vantaggio per il candidato civico Damiano Coletta sono 2000.<\/p>\n<p lang=\"it-IT\" style=\"text-align: justify;\"><strong>LA GIORNATA<\/strong> &#8211; Hanno votato questa mattina uno alle 10,30, l&#8217;altro alle 12,08, Damiano Coletta e Nicola Calandrini. I due candidati alla carica di sindaco di Latina si sono recati sorridenti nei rispettivi seggi, in Via Sezze, presso la scuola Carlo Goldoni, il primo; a Latina Scalo, presso la scuola elementare Lelia Caetani, il secondo. \u00a0L&#8217;affluenza registrata \u00e8 stata inferiore rispetto al primo turno. Fino ad ora a Latina hanno votato complessivamente 46.895 elettori, pari al 44,05% . Al primo turno, alla stessa ora era andato alle urne il 53,41%. Fra meno di un&#8217;ora l&#8217;ultima rilevazione, poi comincer\u00e0 lo scrutinio.<\/p>\n<p style=\"text-align: justify;\"><a href=\"http:\/\/www.radioluna.it\/news\/wp-content\/uploads\/2016\/06\/affluenza.jpg\"><img loading=\"lazy\" decoding=\"async\" class=\"aligncenter size-full wp-image-179292\" src=\"http:\/\/www.radioluna.it\/news\/wp-content\/uploads\/2016\/06\/affluenza.jpg\" alt=\"affluenza\" width=\"668\" height=\"257\" srcset=\"https:\/\/www.radioluna.it\/news\/wp-content\/uploads\/2016\/06\/affluenza.jpg 668w, https:\/\/www.radioluna.it\/news\/wp-content\/uploads\/2016\/06\/affluenza-300x115.jpg 300w\" sizes=\"auto, (max-width: 668px) 100vw, 668px\" \/><\/a><\/p>\n<p style=\"text-align: justify;\"><strong>UN PO&#8217; DI STORIA<\/strong> &#8211; Tra poche ore si conoscer\u00e0 il nome del nuovo sindaco di Latina. Sar\u00e0 il sedicesimo nella storia della citt\u00e0 dal dopoguerra ad oggi. Il primo fu Fernando Bassoli del Partito Repubblicano, poi per oltre 40 anni il capoluogo pontino fu un vero e proprio feudo democristiano con nove sindaci dello Scudo Crociato che si alternarono alla guida della citt\u00e0. Nel 1993 per la prima volta il sindaco fu eletto direttamente dai cittadini che scelsero al ballottaggio Ajmone Finestra, ex repubblichino di Sal\u00f2, senatore del Movimento Sociale che super\u00f2 il candidato del centrosinistra Domenico Di Resta. Quattro anni dopo Finestra fu confermato in una lista civica con una percentuale consistente: il 60%, fu il suo ultimo mandato.Nel 2007 Latina scelse di farsi governare sempre da un candidato espressione della destra: Vincenzo Zaccheo, anche lui proveniente dalle file del Msi e con una lunga militanza in consiglio comunale e che conflu\u00ec poi in Alleanza Nazionale e appoggiato dal Popolo delle Libert\u00e0 centr\u00f2 la vittoria. Anche per Zaccheo arriv\u00f2 la conferma, anche se al ballottaggio, nel giugno del 2007 contro Maurizio Mansutti del centro sinistra. Quello che in molti definirono &lt;Laboratorio della Destra&gt;, implose nel marzo del 2010 con il sindaco costretto alle dimissioni dopo un servizio andato in onda su Striscia La Notizia e la citt\u00e0 fu commissariata. E&#8217; stato Giovanni Di Giorgi, esponente di Alleanza Nazionale e nelle passate consiliature assessore allo sport e ai servizi sociali, eletto nel maggio del 2011, a raccogliere il testimone e a diventare sindaco ma in un mandato pieno di ostacoli: prima le dimissioni consegnate e ritirate nell&#8217;autunno del 2014 e infine la sfiducia del consiglio comunale proprio di un anno fa. \u00a0Adesso la citt\u00e0 dovr\u00e0 scegliere tra Damiano Coletta e Nicola Calandrini.<\/p>\n<div class=\"radio-posizionamento-telefono-in-articoli-dopo-il-contenuto-articolo radio-entity-placement\" id=\"radio-2486101007\"><div id=\"radio-2643103789\"><a href=\"https:\/\/www.simeoneceramiche.com\/\" aria-label=\"SIMEONE CERAMICHE GIF animata per radioluna_Tavola disegno 1 copia 2 (online-video-cutter.com)\"><img loading=\"lazy\" decoding=\"async\" src=\"https:\/\/www.radioluna.it\/news\/wp-content\/uploads\/2025\/05\/SIMEONE-CERAMICHE-GIF-animata-per-radioluna_Tavola-disegno-1-copia-2-online-video-cutter.com_.gif\" alt=\"\"  width=\"300\" height=\"250\"   \/><\/a><\/div><\/div>","protected":false},"excerpt":{"rendered":"<p>[flagallery gid=562] LATINA &#8211; &#8220;Vi consegno una citt\u00e0 che ha voglia di sognare&#8221;. Centra perfettamente il tema il commissario straordinario del Comune di Latina Giacomo Barbato mentre di notte consegna simbolicamente le chiavi della stanza che ha occupato per un anno al primo piano di Piazza del Popolo, al neo sindaco di Latina, Damiano Coletta. [&hellip;]<\/p>\n","protected":false},"author":60,"featured_media":179302,"comment_status":"open","ping_status":"closed","sticky":false,"template":"","format":"standard","meta":{"footnotes":""},"categories":[2310,2311,8,2312],"tags":[],"class_list":["post-179280","post","type-post","status-publish","format-standard","has-post-thumbnail","hentry","category-audio","category-foto","category-politica","category-video"],"_links":{"self":[{"href":"https:\/\/www.radioluna.it\/news\/wp-json\/wp\/v2\/posts\/179280","targetHints":{"allow":["GET"]}}],"collection":[{"href":"https:\/\/www.radioluna.it\/news\/wp-json\/wp\/v2\/posts"}],"about":[{"href":"https:\/\/www.radioluna.it\/news\/wp-json\/wp\/v2\/types\/post"}],"author":[{"embeddable":true,"href":"https:\/\/www.radioluna.it\/news\/wp-json\/wp\/v2\/users\/60"}],"replies":[{"embeddable":true,"href":"https:\/\/www.radioluna.it\/news\/wp-json\/wp\/v2\/comments?post=179280"}],"version-history":[{"count":0,"href":"https:\/\/www.radioluna.it\/news\/wp-json\/wp\/v2\/posts\/179280\/revisions"}],"wp:featuredmedia":[{"embeddable":true,"href":"https:\/\/www.radioluna.it\/news\/wp-json\/wp\/v2\/media\/179302"}],"wp:attachment":[{"href":"https:\/\/www.radioluna.it\/news\/wp-json\/wp\/v2\/media?parent=179280"}],"wp:term":[{"taxonomy":"category","embeddable":true,"href":"https:\/\/www.radioluna.it\/news\/wp-json\/wp\/v2\/categories?post=179280"},{"taxonomy":"post_tag","embeddable":true,"href":"https:\/\/www.radioluna.it\/news\/wp-json\/wp\/v2\/tags?post=179280"}],"curies":[{"name":"wp","href":"https:\/\/api.w.org\/{rel}","templated":true}]}}